{"id":18523,"date":"2026-03-11T12:02:36","date_gmt":"2026-03-11T12:02:36","guid":{"rendered":"https:\/\/informacionlocal.es\/el-cabildo-de-fuerteventura-culmina-la-primera-fase-para-la-rehabilitacion-de-la-casa-del-ingles\/"},"modified":"2026-03-11T12:02:36","modified_gmt":"2026-03-11T12:02:36","slug":"el-cabildo-de-fuerteventura-culmina-la-primera-fase-para-la-rehabilitacion-de-la-casa-del-ingles","status":"publish","type":"post","link":"https:\/\/informacionlocal.es\/en\/el-cabildo-de-fuerteventura-culmina-la-primera-fase-para-la-rehabilitacion-de-la-casa-del-ingles\/","title":{"rendered":"\ufeffEl Cabildo de Fuerteventura culmina la primera fase para la rehabilitaci\u00f3n de la Casa del Ingl\u00e9s"},"content":{"rendered":"<div class=\"entry-content\"><strong>11 marzo, 2026<\/strong><\/p>\n<p><em><strong>Patrimonio Cultural del Cabildo inicia, adem\u00e1s, el proceso participativo para la recuperaci\u00f3n y puesta en uso del BIC, con una charla que tendr\u00e1 lugar el pr\u00f3ximo 18 de marzo en La Oliva<\/strong><\/em><\/p>\n<p>El Cabildo de Fuerteventura, a trav\u00e9s del \u00e1rea de Patrimonio Cultural, ha finalizado los trabajos de la primera fase del proyecto para recuperar la Casa del Ingl\u00e9s en el municipio de La Oliva. Estos primeros trabajos han supuesto una inversi\u00f3n de 650.000 euros y han consistido en la estabilizaci\u00f3n estructural del edificio (cubierta y fachada), \u201csiendo este un paso fundamental dentro de un proyecto mayor de rehabilitaci\u00f3n integral y posterior puesta en uso del inmueble\u201d, explica la presidenta insular, Lola Garc\u00eda.<\/p>\n<p>El consejero de Cultura del Cabildo, Rayco Le\u00f3n, pone en valor unas obras que permiten garantizar la seguridad y estabilidad del inmueble, y que han incluido un estudio para determinar el estado actual de la construcci\u00f3n y los materiales que componen uno de los elementos patrimoniales m\u00e1s importantes de la Isla.<\/p>\n<p>Los resultados de estos trabajos ser\u00e1n expuestos el pr\u00f3ximo 18 de marzo, a las 19.00 horas, en una charla informativa que tendr\u00e1 lugar en el Centro Cultural Ra\u00edz del Pueblo, a cargo de los responsables de la direcci\u00f3n t\u00e9cnica de las obras: los arquitectos Fernando Arocha y Deiene Gonz\u00e1lez.<\/p>\n<p>Con este encuentro informativo, adem\u00e1s, se dar\u00e1 inicio al proceso de mediaci\u00f3n puesto en marcha por la Consejer\u00eda de Patrimonio Cultural, orientado a avanzar en la recuperaci\u00f3n del inmueble desde una perspectiva participativa. El objetivo es fomentar el di\u00e1logo entre los distintos agentes sociales implicados para definir la rehabilitaci\u00f3n, el uso y el desarrollo del inmueble, contando con el trabajador social e investigador de la ULPGC, Jos\u00e9 \u00c1lamo, quien ejerce de coordinador de este proceso participativo.<\/p>\n<p>La Casa del Ingl\u00e9s es una de las edificaciones m\u00e1s emblem\u00e1ticas del municipio.\u00a0 Un inmueble singular, cuyos valores arquitect\u00f3nicos han servido para que sea declarado como Bien de Inter\u00e9s Cultural (BIC).\u00a0 La casa fue erigida por el se\u00f1or Juli\u00e1n Leal Sicilia, cuya familia (procedente de La Palma) se dedic\u00f3 a la agricultura y al comercio entre Canarias y Am\u00e9rica. Posteriormente, pas\u00f3 a ser propiedad de John Parkinson, naturalista ingl\u00e9s dedicado al estudio de la flora y fauna que pasaba largas temporadas en Fuerteventura. Es la presencia de Parkinson en Fuerteventura la que ha quedado en el recuerdo y a\u00fan hoy se conoce la vivienda como Casa del Ingl\u00e9s.<\/p>\n<\/div>\n","protected":false},"excerpt":{"rendered":"<p>11 marzo, 2026 Patrimonio Cultural del Cabildo inicia, adem\u00e1s, el proceso participativo para la recuperaci\u00f3n y puesta en uso del BIC, con una charla que tendr\u00e1 lugar el pr\u00f3ximo 18 [&hellip;]<\/p>\n","protected":false},"author":1,"featured_media":18525,"comment_status":"open","ping_status":"open","sticky":false,"template":"","format":"standard","meta":{"inline_featured_image":false,"jnews-multi-image_gallery":[],"jnews_single_post":[],"jnews_primary_category":[],"jnews_social_meta":[],"jnews_override_counter":[],"jnews_post_split":[],"footnotes":""},"categories":[58],"tags":[82],"class_list":["post-18523","post","type-post","status-publish","format-standard","has-post-thumbnail","hentry","category-cabildo","tag-fuerteventura"],"jetpack_featured_media_url":"https:\/\/informacionlocal.es\/wp-content\/uploads\/2026\/03\/ddd.jpeg","_links":{"self":[{"href":"https:\/\/informacionlocal.es\/en\/wp-json\/wp\/v2\/posts\/18523","targetHints":{"allow":["GET"]}}],"collection":[{"href":"https:\/\/informacionlocal.es\/en\/wp-json\/wp\/v2\/posts"}],"about":[{"href":"https:\/\/informacionlocal.es\/en\/wp-json\/wp\/v2\/types\/post"}],"author":[{"embeddable":true,"href":"https:\/\/informacionlocal.es\/en\/wp-json\/wp\/v2\/users\/1"}],"replies":[{"embeddable":true,"href":"https:\/\/informacionlocal.es\/en\/wp-json\/wp\/v2\/comments?post=18523"}],"version-history":[{"count":0,"href":"https:\/\/informacionlocal.es\/en\/wp-json\/wp\/v2\/posts\/18523\/revisions"}],"wp:featuredmedia":[{"embeddable":true,"href":"https:\/\/informacionlocal.es\/en\/wp-json\/wp\/v2\/media\/18525"}],"wp:attachment":[{"href":"https:\/\/informacionlocal.es\/en\/wp-json\/wp\/v2\/media?parent=18523"}],"wp:term":[{"taxonomy":"category","embeddable":true,"href":"https:\/\/informacionlocal.es\/en\/wp-json\/wp\/v2\/categories?post=18523"},{"taxonomy":"post_tag","embeddable":true,"href":"https:\/\/informacionlocal.es\/en\/wp-json\/wp\/v2\/tags?post=18523"}],"curies":[{"name":"wp","href":"https:\/\/api.w.org\/{rel}","templated":true}]}}