{"id":17025,"date":"2026-01-30T23:00:12","date_gmt":"2026-01-30T23:00:12","guid":{"rendered":"https:\/\/informacionlocal.es\/el-cabildo-impulsa-una-inversion-de-mas-de-53-millones-de-euros-en-vivienda-junto-al-resto-de-administraciones\/"},"modified":"2026-01-30T23:00:12","modified_gmt":"2026-01-30T23:00:12","slug":"el-cabildo-impulsa-una-inversion-de-mas-de-53-millones-de-euros-en-vivienda-junto-al-resto-de-administraciones","status":"publish","type":"post","link":"https:\/\/informacionlocal.es\/en\/el-cabildo-impulsa-una-inversion-de-mas-de-53-millones-de-euros-en-vivienda-junto-al-resto-de-administraciones\/","title":{"rendered":"\ufeffEl Cabildo impulsa una inversi\u00f3n de m\u00e1s de 53 millones de euros en vivienda junto al resto de administraciones"},"content":{"rendered":"<div class=\"entry-content\"><strong>30 enero, 2026<\/strong><\/p>\n<p><em><strong>La Corporaci\u00f3n insular refuerza su estrategia de vivienda con nuevas promociones de VPO y rehabilitaci\u00f3n de entornos residenciales<\/strong><\/em><\/p>\n<p>El Cabildo de Fuerteventura impulsa una inversi\u00f3n global de m\u00e1s de 53 millones de euros en pol\u00edticas de vivienda en la isla, fruto del trabajo conjunto entre la Corporaci\u00f3n insular, el Ministerio de Vivienda y Agenda Urbana, el Gobierno de Canarias y los ayuntamientos majoreros. Una actuaci\u00f3n coordinada que refuerza el compromiso institucional para garantizar el acceso a una vivienda digna, especialmente a trav\u00e9s de la vivienda protegida.<\/p>\n<p>Esta inversi\u00f3n se enmarca en la estrategia insular de vivienda del Cabildo de Fuerteventura, que se articula en tres l\u00edneas de actuaci\u00f3n claras y complementarias: la construcci\u00f3n de Vivienda de Protecci\u00f3n Oficial (VPO), la rehabilitaci\u00f3n del parque residencial existente y la recuperaci\u00f3n de cascarones y edificios abandonados para su incorporaci\u00f3n al uso habitacional.<\/p>\n<p>La presidenta del Cabildo de Fuerteventura, Lola Garc\u00eda, destac\u00f3 que \u201chablamos de una inversi\u00f3n hist\u00f3rica en uno de los principales retos sociales de la isla y estamos actuando desde la responsabilidad institucional y la cooperaci\u00f3n entre administraciones. No hablamos solo de construir, sino de poner todas las herramientas al servicio de un objetivo com\u00fan: garantizar el derecho a una vivienda digna\u201d. A\u00f1adi\u00f3 adem\u00e1s que \u201cdebemos actuar tambi\u00e9n sobre los precios, de lo contrario la vivienda seguir\u00e1 siendo inaccesible para muchas personas, por eso trabajamos con una visi\u00f3n amplia que va m\u00e1s all\u00e1 de levantar nuevas promociones\u201d.<\/p>\n<p>En materia de obra nueva, el Cabildo participa en la promoci\u00f3n de 176 nuevas viviendas protegidas en distintos municipios de la isla, con una inversi\u00f3n conjunta en construcci\u00f3n de VPO que supera los 29 millones de euros, financiados por el Ministerio, la Comunidad Aut\u00f3noma y el propio Cabildo.<\/p>\n<p>En paralelo, se desarrollan actuaciones de rehabilitaci\u00f3n de entornos residenciales, que permitir\u00e1n mejorar m\u00e1s de 800 viviendas, dentro de programas como los Entornos Residenciales de Rehabilitaci\u00f3n Programada (ERRP) y las \u00c1reas de Regeneraci\u00f3n y Renovaci\u00f3n Urbana (ARRU). Estas actuaciones suponen una inversi\u00f3n total superior a los 24 millones de euros, con aportaciones del Estado, el Gobierno de Canarias, el Cabildo y los ayuntamientos.<\/p>\n<p>El consejero insular de Vivienda, V\u00edctor Alonso, subray\u00f3 que \u201cla estrategia del Cabildo es clara y se articula en tres l\u00edneas de trabajo: rehabilitar lo existente, construir vivienda protegida y recuperar edificios y cascarones abandonados que hoy no cumplen ninguna funci\u00f3n social\u201d.<\/p>\n<p>Desde el Cabildo se insiste en que la soluci\u00f3n al problema de la vivienda no pasa \u00fanicamente por construir m\u00e1s, sino por abaratar costes, optimizar el suelo disponible, recuperar patrimonio edificado y coordinar pol\u00edticas p\u00fablicas que permitan intervenir de forma estructural en el mercado.<\/p>\n<p>La Corporaci\u00f3n insular reafirma as\u00ed su compromiso con una pol\u00edtica de vivienda p\u00fablica, social y sostenible, basada en la cooperaci\u00f3n institucional y orientada a ofrecer soluciones reales a la ciudadan\u00eda majorera.<\/p>\n<\/div>\n","protected":false},"excerpt":{"rendered":"<p>30 enero, 2026 La Corporaci\u00f3n insular refuerza su estrategia de vivienda con nuevas promociones de VPO y rehabilitaci\u00f3n de entornos residenciales El Cabildo de Fuerteventura impulsa una inversi\u00f3n global de [&hellip;]<\/p>\n","protected":false},"author":1,"featured_media":17027,"comment_status":"open","ping_status":"open","sticky":false,"template":"","format":"standard","meta":{"inline_featured_image":false,"jnews-multi-image_gallery":[],"jnews_single_post":[],"jnews_primary_category":[],"jnews_social_meta":[],"jnews_override_counter":[],"jnews_post_split":[],"footnotes":""},"categories":[58],"tags":[82,65,71],"class_list":["post-17025","post","type-post","status-publish","format-standard","has-post-thumbnail","hentry","category-cabildo","tag-fuerteventura","tag-municipios","tag-residencia"],"jetpack_featured_media_url":"https:\/\/informacionlocal.es\/wp-content\/uploads\/2026\/01\/eeeef.jpeg","_links":{"self":[{"href":"https:\/\/informacionlocal.es\/en\/wp-json\/wp\/v2\/posts\/17025","targetHints":{"allow":["GET"]}}],"collection":[{"href":"https:\/\/informacionlocal.es\/en\/wp-json\/wp\/v2\/posts"}],"about":[{"href":"https:\/\/informacionlocal.es\/en\/wp-json\/wp\/v2\/types\/post"}],"author":[{"embeddable":true,"href":"https:\/\/informacionlocal.es\/en\/wp-json\/wp\/v2\/users\/1"}],"replies":[{"embeddable":true,"href":"https:\/\/informacionlocal.es\/en\/wp-json\/wp\/v2\/comments?post=17025"}],"version-history":[{"count":0,"href":"https:\/\/informacionlocal.es\/en\/wp-json\/wp\/v2\/posts\/17025\/revisions"}],"wp:featuredmedia":[{"embeddable":true,"href":"https:\/\/informacionlocal.es\/en\/wp-json\/wp\/v2\/media\/17027"}],"wp:attachment":[{"href":"https:\/\/informacionlocal.es\/en\/wp-json\/wp\/v2\/media?parent=17025"}],"wp:term":[{"taxonomy":"category","embeddable":true,"href":"https:\/\/informacionlocal.es\/en\/wp-json\/wp\/v2\/categories?post=17025"},{"taxonomy":"post_tag","embeddable":true,"href":"https:\/\/informacionlocal.es\/en\/wp-json\/wp\/v2\/tags?post=17025"}],"curies":[{"name":"wp","href":"https:\/\/api.w.org\/{rel}","templated":true}]}}