{"id":17019,"date":"2026-01-30T22:00:11","date_gmt":"2026-01-30T22:00:11","guid":{"rendered":"https:\/\/informacionlocal.es\/el-pleno-del-cabildo-pide-al-gobierno-de-canarias-que-adapte-la-normativa-de-agentes-medioambientales-a-la-ley-estatal\/"},"modified":"2026-01-30T22:00:11","modified_gmt":"2026-01-30T22:00:11","slug":"el-pleno-del-cabildo-pide-al-gobierno-de-canarias-que-adapte-la-normativa-de-agentes-medioambientales-a-la-ley-estatal","status":"publish","type":"post","link":"https:\/\/informacionlocal.es\/en\/el-pleno-del-cabildo-pide-al-gobierno-de-canarias-que-adapte-la-normativa-de-agentes-medioambientales-a-la-ley-estatal\/","title":{"rendered":"\ufeffEl Pleno del Cabildo pide al Gobierno de Canarias que adapte la normativa de agentes medioambientales a la ley estatal"},"content":{"rendered":"<div class=\"entry-content\"><strong>30 enero, 2026<\/strong><\/p>\n<p><em><strong>Lola Garc\u00eda destaca el trabajo esencial que desempe\u00f1an los agentes de Medio Ambiente para la protecci\u00f3n del territorio, un trabajo que debe tener una regulaci\u00f3n homog\u00e9nea y actualizada<\/strong><\/em><\/p>\n<p>El Pleno del Cabildo de Fuerteventura pide al Gobierno de Canarias, a trav\u00e9s de una declaraci\u00f3n institucional, que adapte la normativa auton\u00f3mica de agentes medioambientales a la ley estatal, con el objetivo de garantizar una regulaci\u00f3n homog\u00e9nea y actualizada a las funciones que desempe\u00f1a este colectivo en el \u00e1mbito insular.<\/p>\n<p>La presidenta del Cabildo de Fuerteventura, Lola Garc\u00eda, ha resaltado \u201cla labor esencial que desempe\u00f1an los agentes medioambientales para la protecci\u00f3n de nuestro territorio, que se caracteriza por la fragilidad de sus ecosistemas y una presi\u00f3n creciente de la actividad tur\u00edstica y del uso del suelo\u201d.<\/p>\n<p>Con el objetivo de superar la dispersi\u00f3n normativa existente en el conjunto del Estado referente a este \u00e1mbito, y garantizar un marco com\u00fan, el Gobierno de Espa\u00f1a aprob\u00f3 la ley 4\/2024, de 8 de noviembre, de agentes forestales y medioambientales con car\u00e1cter de legislaci\u00f3n b\u00e1sica. Una normativa que establece un conjunto de principios comunes relativos a funciones, formaci\u00f3n, derechos y deberes. \u201cLa propia ley dispone que las administraciones p\u00fablicas deben adaptar su normativa espec\u00edfica a lo dispuesto en la misma, por lo que pedimos al ejecutivo regional adaptar la regulaci\u00f3n auton\u00f3mica a la Ley estatal 4\/2024\u201d.<\/p>\n<p>Por este motivo, el Cabildo insta al Gobierno de Canarias que proceda a adaptar la normativa auton\u00f3mica a lo dispuesto en esta ley, as\u00ed como dar traslado del acuerdo a la Consejer\u00eda competente en materia de medio ambiente y funci\u00f3n p\u00fablica, as\u00ed como a los grupos parlamentarios con representaci\u00f3n en el Parlamento de Canarias.<\/p>\n<\/div>\n","protected":false},"excerpt":{"rendered":"<p>30 enero, 2026 Lola Garc\u00eda destaca el trabajo esencial que desempe\u00f1an los agentes de Medio Ambiente para la protecci\u00f3n del territorio, un trabajo que debe tener una regulaci\u00f3n homog\u00e9nea y [&hellip;]<\/p>\n","protected":false},"author":1,"featured_media":17021,"comment_status":"open","ping_status":"open","sticky":false,"template":"","format":"standard","meta":{"inline_featured_image":false,"jnews-multi-image_gallery":[],"jnews_single_post":[],"jnews_primary_category":[],"jnews_social_meta":[],"jnews_override_counter":[],"jnews_post_split":[],"footnotes":""},"categories":[58],"tags":[82,76],"class_list":["post-17019","post","type-post","status-publish","format-standard","has-post-thumbnail","hentry","category-cabildo","tag-fuerteventura","tag-medio-ambiente"],"jetpack_featured_media_url":"https:\/\/informacionlocal.es\/wp-content\/uploads\/2026\/01\/rgrg-1-1.jpeg","_links":{"self":[{"href":"https:\/\/informacionlocal.es\/en\/wp-json\/wp\/v2\/posts\/17019","targetHints":{"allow":["GET"]}}],"collection":[{"href":"https:\/\/informacionlocal.es\/en\/wp-json\/wp\/v2\/posts"}],"about":[{"href":"https:\/\/informacionlocal.es\/en\/wp-json\/wp\/v2\/types\/post"}],"author":[{"embeddable":true,"href":"https:\/\/informacionlocal.es\/en\/wp-json\/wp\/v2\/users\/1"}],"replies":[{"embeddable":true,"href":"https:\/\/informacionlocal.es\/en\/wp-json\/wp\/v2\/comments?post=17019"}],"version-history":[{"count":0,"href":"https:\/\/informacionlocal.es\/en\/wp-json\/wp\/v2\/posts\/17019\/revisions"}],"wp:featuredmedia":[{"embeddable":true,"href":"https:\/\/informacionlocal.es\/en\/wp-json\/wp\/v2\/media\/17021"}],"wp:attachment":[{"href":"https:\/\/informacionlocal.es\/en\/wp-json\/wp\/v2\/media?parent=17019"}],"wp:term":[{"taxonomy":"category","embeddable":true,"href":"https:\/\/informacionlocal.es\/en\/wp-json\/wp\/v2\/categories?post=17019"},{"taxonomy":"post_tag","embeddable":true,"href":"https:\/\/informacionlocal.es\/en\/wp-json\/wp\/v2\/tags?post=17019"}],"curies":[{"name":"wp","href":"https:\/\/api.w.org\/{rel}","templated":true}]}}