{"id":16953,"date":"2026-01-29T20:00:07","date_gmt":"2026-01-29T20:00:07","guid":{"rendered":"https:\/\/informacionlocal.es\/el-cabildo-de-fuerteventura-abre-la-convocatoria-de-becas-para-alumnado-con-necesidades-especiales\/"},"modified":"2026-01-29T20:00:07","modified_gmt":"2026-01-29T20:00:07","slug":"el-cabildo-de-fuerteventura-abre-la-convocatoria-de-becas-para-alumnado-con-necesidades-especiales","status":"publish","type":"post","link":"https:\/\/informacionlocal.es\/en\/el-cabildo-de-fuerteventura-abre-la-convocatoria-de-becas-para-alumnado-con-necesidades-especiales\/","title":{"rendered":"\ufeffEl Cabildo de Fuerteventura abre la convocatoria de becas para alumnado con necesidades especiales"},"content":{"rendered":"<div class=\"entry-content\"><strong>29 enero, 2026<\/strong><\/p>\n<p><em><strong>La Corporaci\u00f3n insular convoca estas ayudas, por segundo a\u00f1o consecutivo, que ya pueden solicitar los propios centros educativos hasta el 18 de febrero<\/strong><\/em><\/p>\n<p>El Cabildo de Fuerteventura, a trav\u00e9s de la Consejer\u00eda de Educaci\u00f3n, ha abierto la convocatoria de becas para alumnado con necesidades espec\u00edficas de apoyo educativo (NEAE) de 2026.<\/p>\n<p>Cada centro educativo presentar\u00e1 la solicitud, por cada alumno o alumna beneficiario de la beca, a trav\u00e9s de la sede electr\u00f3nica de la Corporaci\u00f3n insular (sede.cabildofuer.es) o a trav\u00e9s del registro electr\u00f3nico central (red.redsara.es). El plazo para presentar solicitudes finaliza el pr\u00f3ximo 18 de febrero.<\/p>\n<p>Toda la informaci\u00f3n, as\u00ed como el acceso a la solicitud, est\u00e1 disponible en la web\u00a0https:\/\/www.cabildofuer.es\/cabildo\/becas-necesidades-especificas-de-apoyo-educativo-curso-2026\/<\/p>\n<p>La presidenta insular, Lola Garc\u00eda, pone en valor unas ayudas \u201cque son fundamentales para atender las necesidades y demandas de la comunidad educativa en lo referente a la atenci\u00f3n de alumnado con necesidades especiales derivadas de la discapacidad\u201d.<\/p>\n<p>Por su parte, el consejero de Educaci\u00f3n, Adargoma Hern\u00e1ndez, anima a los centros a solicitar unas ayudas tan importantes para la comunidad educativa. \u00a0\u201cEn la edici\u00f3n anterior, se concedieron 90.000 euros a los centros educativos para que puedan atender las necesidades que requieren los estudiantes\u201d. Las ayudas se dirigen a adquisici\u00f3n de material para la optimizaci\u00f3n del aprendizaje o a costear servicios para la adecuada escolarizaci\u00f3n del alumnado, as\u00ed como actividades extraescolares, transporte y acceso al centro, entre otros.<\/p>\n<\/div>\n","protected":false},"excerpt":{"rendered":"<p>29 enero, 2026 La Corporaci\u00f3n insular convoca estas ayudas, por segundo a\u00f1o consecutivo, que ya pueden solicitar los propios centros educativos hasta el 18 de febrero El Cabildo de Fuerteventura, [&hellip;]<\/p>\n","protected":false},"author":1,"featured_media":16955,"comment_status":"open","ping_status":"open","sticky":false,"template":"","format":"standard","meta":{"inline_featured_image":false,"jnews-multi-image_gallery":[],"jnews_single_post":[],"jnews_primary_category":[],"jnews_social_meta":[],"jnews_override_counter":[],"jnews_post_split":[],"footnotes":""},"categories":[58],"tags":[73,82],"class_list":["post-16953","post","type-post","status-publish","format-standard","has-post-thumbnail","hentry","category-cabildo","tag-educacion","tag-fuerteventura"],"jetpack_featured_media_url":"https:\/\/informacionlocal.es\/wp-content\/uploads\/2026\/01\/rrgr.jpeg","_links":{"self":[{"href":"https:\/\/informacionlocal.es\/en\/wp-json\/wp\/v2\/posts\/16953","targetHints":{"allow":["GET"]}}],"collection":[{"href":"https:\/\/informacionlocal.es\/en\/wp-json\/wp\/v2\/posts"}],"about":[{"href":"https:\/\/informacionlocal.es\/en\/wp-json\/wp\/v2\/types\/post"}],"author":[{"embeddable":true,"href":"https:\/\/informacionlocal.es\/en\/wp-json\/wp\/v2\/users\/1"}],"replies":[{"embeddable":true,"href":"https:\/\/informacionlocal.es\/en\/wp-json\/wp\/v2\/comments?post=16953"}],"version-history":[{"count":0,"href":"https:\/\/informacionlocal.es\/en\/wp-json\/wp\/v2\/posts\/16953\/revisions"}],"wp:featuredmedia":[{"embeddable":true,"href":"https:\/\/informacionlocal.es\/en\/wp-json\/wp\/v2\/media\/16955"}],"wp:attachment":[{"href":"https:\/\/informacionlocal.es\/en\/wp-json\/wp\/v2\/media?parent=16953"}],"wp:term":[{"taxonomy":"category","embeddable":true,"href":"https:\/\/informacionlocal.es\/en\/wp-json\/wp\/v2\/categories?post=16953"},{"taxonomy":"post_tag","embeddable":true,"href":"https:\/\/informacionlocal.es\/en\/wp-json\/wp\/v2\/tags?post=16953"}],"curies":[{"name":"wp","href":"https:\/\/api.w.org\/{rel}","templated":true}]}}