{"id":16947,"date":"2026-01-29T19:00:08","date_gmt":"2026-01-29T19:00:08","guid":{"rendered":"https:\/\/informacionlocal.es\/exito-de-la-iii-concentracion-para-veteranos-de-la-bola-canaria-del-cabildo-y-la-federacion-insular\/"},"modified":"2026-01-29T19:00:08","modified_gmt":"2026-01-29T19:00:08","slug":"exito-de-la-iii-concentracion-para-veteranos-de-la-bola-canaria-del-cabildo-y-la-federacion-insular","status":"publish","type":"post","link":"https:\/\/informacionlocal.es\/en\/exito-de-la-iii-concentracion-para-veteranos-de-la-bola-canaria-del-cabildo-y-la-federacion-insular\/","title":{"rendered":"\ufeff\u00c9xito de la III Concentraci\u00f3n para Veteranos de La Bola Canaria del Cabildo y la Federaci\u00f3n insular"},"content":{"rendered":"<div class=\"entry-content\"><strong>29 enero, 2026<\/strong><\/p>\n<p><em><strong>Con la colaboraci\u00f3n del Ayuntamiento de La Oliva, el evento forma parte del programa de las Fiestas de Nuestra Se\u00f1ora de la Candelaria<\/strong><\/em><\/p>\n<p>La localidad de La Oliva acogi\u00f3 con \u00e9xito la III Concentraci\u00f3n para Veteranos de La Bola Canaria, promovida por la Consejer\u00eda de Deportes del Cabildo de Fuerteventura, junto a la Federaci\u00f3n Insular de Fuerteventura de Bola Canaria y Petanca. El evento ha sido posible gracias a la colaboraci\u00f3n del Ayuntamiento de La Oliva, dentro del programa de las Fiestas de Nuestra Se\u00f1ora de la Candelaria,<\/p>\n<p>La jornada estuvo abierta a la participaci\u00f3n de personas mayores pertenecientes a asociaciones de vecinos, centros de mayores y p\u00fablico general, quienes compartieron una tarde de tradici\u00f3n, compa\u00f1erismo y deporte aut\u00f3ctono.<\/p>\n<p>El evento cont\u00f3 con la participaci\u00f3n del alcalde de La Oliva, Isa\u00ed Blanco, el consejero insular de Deportes, Luis Gonz\u00e1lez, la concejala de Deportes, Gleiber Carre\u00f1o, la concejala de Festejos, Omaira Saavedra, y el concejal de Obras y Servicios, Luis Alba, entre otros representantes municipales.<\/p>\n<p>El consejero de Deportes, Luis Gonz\u00e1lez, ha puesto en valor el peso que tiene el deporte de la bola canaria en Fuerteventura, en este caso \u201ccon un evento pensado para mayores de 65 a\u00f1os y que pretendemos mantener en el tiempo para seguir con la promoci\u00f3n de los deportes aut\u00f3ctonos y deportes tradicionales\u201d. Gonz\u00e1lez ha agradecido a la Federaci\u00f3n Insular por hacerlo posible, as\u00ed como al Ayuntamiento de La Oliva por prestar las instalaciones para su desarrollo.<\/p>\n<p>Asimismo, el consejero insular expres\u00f3 el compromiso de la Corporaci\u00f3n insular con el deporte aut\u00f3ctono, a trav\u00e9s del Programa de Ayuda al Deporte Insular (ADI) y el programa de difusi\u00f3n de juegos y deportes tradicionales \u2018No Olvides Lo Nuestro\u2019.<\/p>\n<p>La concejala de Deportes, Gleiber Carre\u00f1o, destac\u00f3 la importancia de un evento orientado a la promoci\u00f3n de la bola canaria, dentro del programa de las Fiestas de Nuestra Se\u00f1ora de La Candelaria, en colaboraci\u00f3n con la Concejal\u00eda de Festejos.<\/p>\n<p>Por su parte, en representaci\u00f3n de la Federaci\u00f3n Insular de Bola Canaria y Petanca, Cristian Vera, defini\u00f3 el encuentro como un proyecto que honra el deporte de la bola canaria, utilizando las bolas tradicionales de madera. Asimismo, invitaron a participar en las jornadas de puertas abiertas que se celebrar\u00e1 hoy, jueves, 29 de enero a las 17.00 horas y el torneo 24 horas del viernes, d\u00eda 30.<\/p>\n<\/div>\n","protected":false},"excerpt":{"rendered":"<p>29 enero, 2026 Con la colaboraci\u00f3n del Ayuntamiento de La Oliva, el evento forma parte del programa de las Fiestas de Nuestra Se\u00f1ora de la Candelaria La localidad de La [&hellip;]<\/p>\n","protected":false},"author":1,"featured_media":16949,"comment_status":"open","ping_status":"open","sticky":false,"template":"","format":"standard","meta":{"inline_featured_image":false,"jnews-multi-image_gallery":[],"jnews_single_post":[],"jnews_primary_category":[],"jnews_social_meta":[],"jnews_override_counter":[],"jnews_post_split":[],"footnotes":""},"categories":[58],"tags":[82],"class_list":["post-16947","post","type-post","status-publish","format-standard","has-post-thumbnail","hentry","category-cabildo","tag-fuerteventura"],"jetpack_featured_media_url":"https:\/\/informacionlocal.es\/wp-content\/uploads\/2026\/01\/opic3b1ioc3b1jpeg.jpg","_links":{"self":[{"href":"https:\/\/informacionlocal.es\/en\/wp-json\/wp\/v2\/posts\/16947","targetHints":{"allow":["GET"]}}],"collection":[{"href":"https:\/\/informacionlocal.es\/en\/wp-json\/wp\/v2\/posts"}],"about":[{"href":"https:\/\/informacionlocal.es\/en\/wp-json\/wp\/v2\/types\/post"}],"author":[{"embeddable":true,"href":"https:\/\/informacionlocal.es\/en\/wp-json\/wp\/v2\/users\/1"}],"replies":[{"embeddable":true,"href":"https:\/\/informacionlocal.es\/en\/wp-json\/wp\/v2\/comments?post=16947"}],"version-history":[{"count":0,"href":"https:\/\/informacionlocal.es\/en\/wp-json\/wp\/v2\/posts\/16947\/revisions"}],"wp:featuredmedia":[{"embeddable":true,"href":"https:\/\/informacionlocal.es\/en\/wp-json\/wp\/v2\/media\/16949"}],"wp:attachment":[{"href":"https:\/\/informacionlocal.es\/en\/wp-json\/wp\/v2\/media?parent=16947"}],"wp:term":[{"taxonomy":"category","embeddable":true,"href":"https:\/\/informacionlocal.es\/en\/wp-json\/wp\/v2\/categories?post=16947"},{"taxonomy":"post_tag","embeddable":true,"href":"https:\/\/informacionlocal.es\/en\/wp-json\/wp\/v2\/tags?post=16947"}],"curies":[{"name":"wp","href":"https:\/\/api.w.org\/{rel}","templated":true}]}}