{"id":16933,"date":"2026-01-29T16:00:08","date_gmt":"2026-01-29T16:00:08","guid":{"rendered":"https:\/\/informacionlocal.es\/el-cabildo-celebra-la-aprobacion-por-parte-de-la-fulp-de-una-nueva-residencia-de-estudiantes-en-las-palmas-de-gran-canaria\/"},"modified":"2026-01-29T16:00:08","modified_gmt":"2026-01-29T16:00:08","slug":"el-cabildo-celebra-la-aprobacion-por-parte-de-la-fulp-de-una-nueva-residencia-de-estudiantes-en-las-palmas-de-gran-canaria","status":"publish","type":"post","link":"https:\/\/informacionlocal.es\/en\/el-cabildo-celebra-la-aprobacion-por-parte-de-la-fulp-de-una-nueva-residencia-de-estudiantes-en-las-palmas-de-gran-canaria\/","title":{"rendered":"El Cabildo celebra la aprobaci\u00f3n por parte de la FULP de una nueva residencia de estudiantes en Las Palmas de Gran Canaria"},"content":{"rendered":"<div class=\"entry-content\"><strong>29 enero, 2026<\/strong><\/p>\n<p>La presidenta del Cabildo de Fuerteventura, Lola Garc\u00eda, y el consejero de Educaci\u00f3n, Adargoma Hern\u00e1ndez, celebran que la Fundaci\u00f3n Universitaria de Las Palmas (FULP) haya aprobado la compra de una parcela y la construcci\u00f3n de una residencia de estudiantes en Las Palmas de Gran Canaria.<\/p>\n<p>Como patrono de la FULP, la Corporaci\u00f3n insular aplaude una medida aprobada en sesi\u00f3n extraordinaria, que ayudar\u00e1 a dar respuesta a la necesidad de alojamiento que existe entre los estudiantes de la Isla majorera.<\/p>\n<p>De este modo, la presidenta Lola Garc\u00eda quiere mostrar su apoyo a una iniciativa \u201cque ayudar\u00e1 a atender los problemas de alojamiento de los y las estudiantes de Fuerteventura, una de las principales demandas que nos hacen las personas de la Isla que quieren cursar estudios superiores\u201d. Asimismo, Garc\u00eda llama a la coordinaci\u00f3n entre institucione, as\u00ed como el trabajo conjunto entre Cabildo y la FULP, para seguir dando soluciones a esta problem\u00e1tica que afecta, especialmente, a islas no capitalinas como Fuerteventura.<\/p>\n<p>Como consejero insular de Educaci\u00f3n y representante del Cabildo de Fuerteventura en el Patronato de la FULP, Adargoma Hern\u00e1ndez, se muestra \u201cagradecido de que se oiga en esta instituci\u00f3n los problemas de alojamiento de los estudiantes majoreros y se intente entre todas y todos trabajar para ir dando soluciones en la medida de lo posible a esta problem\u00e1tica\u201d. Hern\u00e1ndez ha enfatizado, adem\u00e1s, la colaboraci\u00f3n que desde muchos a\u00f1os existe entre el Cabildo y la FULP para seguir impulsando la formaci\u00f3n y el empleo en la Isla.<\/p>\n<p>Por su parte, la FULP y su presidente Alberto Cabr\u00e9, destacan el gran apoyo que el Cabildo de Fuerteventura ha mostrado a esta iniciativa, debido a la acuciante necesidad de alojamiento que existe entre los estudiantes de la isla majorera que se desplazan hasta Gran Canaria para cursar estudios superiores.<\/p>\n<p>La residencia de estudiantes estar\u00e1 situada, concretamente, en la zona de Primero de Mayo, con una inversi\u00f3n aproximada de 3 millones de euros.<\/p>\n<\/div>\n","protected":false},"excerpt":{"rendered":"<p>29 enero, 2026 La presidenta del Cabildo de Fuerteventura, Lola Garc\u00eda, y el consejero de Educaci\u00f3n, Adargoma Hern\u00e1ndez, celebran que la Fundaci\u00f3n Universitaria de Las Palmas (FULP) haya aprobado la [&hellip;]<\/p>\n","protected":false},"author":1,"featured_media":0,"comment_status":"open","ping_status":"open","sticky":false,"template":"","format":"standard","meta":{"inline_featured_image":false,"jnews-multi-image_gallery":[],"jnews_single_post":[],"jnews_primary_category":[],"jnews_social_meta":[],"jnews_override_counter":[],"jnews_post_split":[],"footnotes":""},"categories":[58],"tags":[73,82,71],"class_list":["post-16933","post","type-post","status-publish","format-standard","hentry","category-cabildo","tag-educacion","tag-fuerteventura","tag-residencia"],"jetpack_featured_media_url":"","_links":{"self":[{"href":"https:\/\/informacionlocal.es\/en\/wp-json\/wp\/v2\/posts\/16933","targetHints":{"allow":["GET"]}}],"collection":[{"href":"https:\/\/informacionlocal.es\/en\/wp-json\/wp\/v2\/posts"}],"about":[{"href":"https:\/\/informacionlocal.es\/en\/wp-json\/wp\/v2\/types\/post"}],"author":[{"embeddable":true,"href":"https:\/\/informacionlocal.es\/en\/wp-json\/wp\/v2\/users\/1"}],"replies":[{"embeddable":true,"href":"https:\/\/informacionlocal.es\/en\/wp-json\/wp\/v2\/comments?post=16933"}],"version-history":[{"count":0,"href":"https:\/\/informacionlocal.es\/en\/wp-json\/wp\/v2\/posts\/16933\/revisions"}],"wp:attachment":[{"href":"https:\/\/informacionlocal.es\/en\/wp-json\/wp\/v2\/media?parent=16933"}],"wp:term":[{"taxonomy":"category","embeddable":true,"href":"https:\/\/informacionlocal.es\/en\/wp-json\/wp\/v2\/categories?post=16933"},{"taxonomy":"post_tag","embeddable":true,"href":"https:\/\/informacionlocal.es\/en\/wp-json\/wp\/v2\/tags?post=16933"}],"curies":[{"name":"wp","href":"https:\/\/api.w.org\/{rel}","templated":true}]}}