{"id":16927,"date":"2026-01-29T15:00:09","date_gmt":"2026-01-29T15:00:09","guid":{"rendered":"https:\/\/informacionlocal.es\/pajara-cierra-los-ultimos-flecos-para-la-declaracion-ambiental-estrategica-de-su-plan-general\/"},"modified":"2026-01-29T15:00:09","modified_gmt":"2026-01-29T15:00:09","slug":"pajara-cierra-los-ultimos-flecos-para-la-declaracion-ambiental-estrategica-de-su-plan-general","status":"publish","type":"post","link":"https:\/\/informacionlocal.es\/en\/pajara-cierra-los-ultimos-flecos-para-la-declaracion-ambiental-estrategica-de-su-plan-general\/","title":{"rendered":"P\u00e1jara cierra los \u00faltimos flecos para la Declaraci\u00f3n Ambiental Estrat\u00e9gica de su Plan General"},"content":{"rendered":"<div class=\"entry-content\">\n<p><b><i>El concejal de Urbanismo, Alexis Alonso, recibi\u00f3 al consejero de Pol\u00edtica Territorial del Gobierno de Canarias, Manuel Miranda, para ultimar el tr\u00e1mite ambiental del documento<\/i><\/b><\/p>\n<p><span>El Ayuntamiento de P\u00e1jara avanza de forma decisiva hacia la aprobaci\u00f3n de su Plan General de Ordenaci\u00f3n (PGO) tras cerrar, junto a la Consejer\u00eda de Pol\u00edtica Territorial, los \u00faltimos aspectos t\u00e9cnicos necesarios para la emisi\u00f3n de la Declaraci\u00f3n Ambiental Estrat\u00e9gica.<\/span><\/p>\n<p><span>El concejal de Urbanismo, Alexis Alonso, recibi\u00f3 en el municipio al consejero Manuel Miranda y a su equipo, en una reuni\u00f3n de trabajo en la que participaron tambi\u00e9n los redactores del Plan General y t\u00e9cnicos municipales. El encuentro tuvo como objetivo ultimar el tr\u00e1mite ambiental, paso imprescindible para culminar la aprobaci\u00f3n definitiva del documento.<\/span><\/p>\n<p><span>Durante la reuni\u00f3n se revisaron los \u00faltimos informes y ajustes t\u00e9cnicos, constatando el esfuerzo coordinado entre administraciones para desbloquear un planeamiento largamente esperado por el municipio. Alexis Alonso destac\u00f3 que \u201ceste avance es clave para dotar a P\u00e1jara de un marco urban\u00edstico actualizado, que permita un desarrollo ordenado, sostenible y con seguridad jur\u00eddica, tanto para la ciudadan\u00eda como para las inversiones\u201d.<\/span><\/p>\n<p><span>Por su parte, el alcalde, Alejandro Jorge, puso en valor este tipo de encuentros para conseguir un gran avance en la localidad. \u201cDesde el Consistorio agradecemos al Gobierno de Canarias su disposici\u00f3n y presencia en este tipo de situaciones para mejorar nuestros servicios p\u00fablicos\u201d, subray\u00f3.<\/span><\/p>\n<p><span>Con este impulso final, el Ayuntamiento conf\u00eda en que la Declaraci\u00f3n Ambiental Estrat\u00e9gica pueda emitirse en el primer trimestre del a\u00f1o, allanando el camino para la aprobaci\u00f3n del Plan General, una herramienta fundamental para P\u00e1jara.<\/span><\/p>\n<\/div>\n","protected":false},"excerpt":{"rendered":"<p><i>El concejal de Urbanismo, Alexis Alonso, recibi\u00f3 al consejero de Pol\u00edtica Territorial del Gobierno de Canarias, Manuel Miranda, para ultimar el tr\u00e1mite ambiental del documento<\/i><\/p>\n","protected":false},"author":1,"featured_media":16929,"comment_status":"open","ping_status":"open","sticky":false,"template":"","format":"standard","meta":{"inline_featured_image":false,"jnews-multi-image_gallery":[],"jnews_single_post":[],"jnews_primary_category":[],"jnews_social_meta":[],"jnews_override_counter":[],"jnews_post_split":[],"footnotes":""},"categories":[63],"tags":[66],"class_list":["post-16927","post","type-post","status-publish","format-standard","has-post-thumbnail","hentry","category-pajara","tag-servicios-publicos"],"jetpack_featured_media_url":"https:\/\/informacionlocal.es\/wp-content\/uploads\/2026\/01\/pgo-pajara.jpeg","_links":{"self":[{"href":"https:\/\/informacionlocal.es\/en\/wp-json\/wp\/v2\/posts\/16927","targetHints":{"allow":["GET"]}}],"collection":[{"href":"https:\/\/informacionlocal.es\/en\/wp-json\/wp\/v2\/posts"}],"about":[{"href":"https:\/\/informacionlocal.es\/en\/wp-json\/wp\/v2\/types\/post"}],"author":[{"embeddable":true,"href":"https:\/\/informacionlocal.es\/en\/wp-json\/wp\/v2\/users\/1"}],"replies":[{"embeddable":true,"href":"https:\/\/informacionlocal.es\/en\/wp-json\/wp\/v2\/comments?post=16927"}],"version-history":[{"count":0,"href":"https:\/\/informacionlocal.es\/en\/wp-json\/wp\/v2\/posts\/16927\/revisions"}],"wp:featuredmedia":[{"embeddable":true,"href":"https:\/\/informacionlocal.es\/en\/wp-json\/wp\/v2\/media\/16929"}],"wp:attachment":[{"href":"https:\/\/informacionlocal.es\/en\/wp-json\/wp\/v2\/media?parent=16927"}],"wp:term":[{"taxonomy":"category","embeddable":true,"href":"https:\/\/informacionlocal.es\/en\/wp-json\/wp\/v2\/categories?post=16927"},{"taxonomy":"post_tag","embeddable":true,"href":"https:\/\/informacionlocal.es\/en\/wp-json\/wp\/v2\/tags?post=16927"}],"curies":[{"name":"wp","href":"https:\/\/api.w.org\/{rel}","templated":true}]}}