{"id":16836,"date":"2026-01-27T20:01:52","date_gmt":"2026-01-27T20:01:52","guid":{"rendered":"https:\/\/informacionlocal.es\/el-ayuntamiento-de-pajara-denuncia-graves-sabotajes-en-costa-calma\/"},"modified":"2026-01-27T20:01:52","modified_gmt":"2026-01-27T20:01:52","slug":"el-ayuntamiento-de-pajara-denuncia-graves-sabotajes-en-costa-calma","status":"publish","type":"post","link":"https:\/\/informacionlocal.es\/en\/el-ayuntamiento-de-pajara-denuncia-graves-sabotajes-en-costa-calma\/","title":{"rendered":"El Ayuntamiento de P\u00e1jara denuncia graves sabotajes en Costa Calma"},"content":{"rendered":"<div class=\"entry-content\">\n<p><b><i>Asaltaron la estaci\u00f3n de bombeo accediendo al cuadro el\u00e9ctrico, rompiendo la carcasa y cambiando las fases de funcionamiento de las bombas<\/i><\/b><\/p>\n<p><b><i>Tambi\u00e9n provocaron tres conatos de incendio de forma simult\u00e1nea en el palmeral<\/i><\/b><\/p>\n<p><b><i>Estos graves delitos que atentan contra la salud p\u00fablica, ocurrieron mientras el Gobierno Municipal contin\u00faa demoliendo las edificaciones en mal estado que se encuentran en el palmeral<\/i><\/b><\/p>\n<p><span>El Ayuntamiento de P\u00e1jara denuncia graves sabotajes en la localidad de Costa Calma que han atentado contra la salud p\u00fablica. Hace unos d\u00edas, las personas implicadas asaltaron la estaci\u00f3n de bombeo (EBAP) del Palace y accedieron al cuadro el\u00e9ctrico, rompiendo la carcasa y cambiando las fases de funcionamiento de las bombas, con el objetivo de dejar sin servicio de abastecimiento de agua a la poblaci\u00f3n.<\/span><\/p>\n<p><span>Por otro lado, tres conatos de incendio se produjeron de forma simult\u00e1nea en el palmeral. La r\u00e1pida actuaci\u00f3n de los Bomberos de P\u00e1jara logr\u00f3 sofocarlos. Cabe rese\u00f1ar que el Ayuntamiento lleva semanas trabajando en las demoliciones las zonas verdes como actuaci\u00f3n para disminuir la carga de fuego como medida de seguridad ciudadana.<\/span><\/p>\n<p><span>Estos graves delitos, que atentan contra la salud p\u00fablica, ocurrieron mientras el Gobierno municipal contin\u00faa demoliendo las edificaciones en mal estado que se encuentran en el palmeral<\/span><\/p>\n<p><span>No obstante, los hechos delictivos ya se han puesto en conocimiento de las autoridades policiales para que se inicie una investigaci\u00f3n y dar con el responsable o responsables de los mismos.<\/span><\/p>\n<\/div>\n","protected":false},"excerpt":{"rendered":"<p><i>Asaltaron la estaci\u00f3n de bombeo accediendo al cuadro el\u00e9ctrico, rompiendo la carcasa y cambiando las fases de funcionamiento de las bombas<\/i><\/p>\n","protected":false},"author":1,"featured_media":16838,"comment_status":"open","ping_status":"open","sticky":false,"template":"","format":"standard","meta":{"inline_featured_image":false,"jnews-multi-image_gallery":[],"jnews_single_post":[],"jnews_primary_category":[],"jnews_social_meta":[],"jnews_override_counter":[],"jnews_post_split":[],"footnotes":""},"categories":[63],"tags":[],"class_list":["post-16836","post","type-post","status-publish","format-standard","has-post-thumbnail","hentry","category-pajara"],"jetpack_featured_media_url":"https:\/\/informacionlocal.es\/wp-content\/uploads\/2026\/01\/el-ayuntamiento-de-pajara-denuncia-graves-sabotajes-en-costa-calma-1.jpeg","_links":{"self":[{"href":"https:\/\/informacionlocal.es\/en\/wp-json\/wp\/v2\/posts\/16836","targetHints":{"allow":["GET"]}}],"collection":[{"href":"https:\/\/informacionlocal.es\/en\/wp-json\/wp\/v2\/posts"}],"about":[{"href":"https:\/\/informacionlocal.es\/en\/wp-json\/wp\/v2\/types\/post"}],"author":[{"embeddable":true,"href":"https:\/\/informacionlocal.es\/en\/wp-json\/wp\/v2\/users\/1"}],"replies":[{"embeddable":true,"href":"https:\/\/informacionlocal.es\/en\/wp-json\/wp\/v2\/comments?post=16836"}],"version-history":[{"count":0,"href":"https:\/\/informacionlocal.es\/en\/wp-json\/wp\/v2\/posts\/16836\/revisions"}],"wp:featuredmedia":[{"embeddable":true,"href":"https:\/\/informacionlocal.es\/en\/wp-json\/wp\/v2\/media\/16838"}],"wp:attachment":[{"href":"https:\/\/informacionlocal.es\/en\/wp-json\/wp\/v2\/media?parent=16836"}],"wp:term":[{"taxonomy":"category","embeddable":true,"href":"https:\/\/informacionlocal.es\/en\/wp-json\/wp\/v2\/categories?post=16836"},{"taxonomy":"post_tag","embeddable":true,"href":"https:\/\/informacionlocal.es\/en\/wp-json\/wp\/v2\/tags?post=16836"}],"curies":[{"name":"wp","href":"https:\/\/api.w.org\/{rel}","templated":true}]}}