{"id":16738,"date":"2026-01-26T17:02:02","date_gmt":"2026-01-26T17:02:02","guid":{"rendered":"https:\/\/informacionlocal.es\/puerto-del-rosario-presenta-el-programa-del-carnaval-2026-que-volvera-a-llenar-las-calles-de-musica-y-creatividad\/"},"modified":"2026-01-26T17:02:02","modified_gmt":"2026-01-26T17:02:02","slug":"puerto-del-rosario-presenta-el-programa-del-carnaval-2026-que-volvera-a-llenar-las-calles-de-musica-y-creatividad","status":"publish","type":"post","link":"https:\/\/informacionlocal.es\/en\/puerto-del-rosario-presenta-el-programa-del-carnaval-2026-que-volvera-a-llenar-las-calles-de-musica-y-creatividad\/","title":{"rendered":"Puerto del Rosario presenta el programa del Carnaval 2026, que volver\u00e1 a llenar las calles de m\u00fasica y creatividad"},"content":{"rendered":"<div class=\"entry-content\">\n<ul>\n<li><span><strong>La Carrera de Arretrankos, la Regata de Achipencos, la Gran Cabalgata o el Carnaval de D\u00eda protagonizan una programaci\u00f3n pensada para vivir la fiesta en la calle<\/strong><\/span><\/li>\n<\/ul>\n<p><span><strong>En Puerto del Rosario, a 26 de enero de 2026.-<\/strong> Puerto del Rosario ha presentado oficialmente el programa del Carnaval 2026, que se celebrar\u00e1 del 6 al 22 de febrero bajo la alegor\u00eda \u201cEl mundo de los musicales\u201d, una edici\u00f3n que apuesta, un a\u00f1o m\u00e1s, por un Carnaval abierto, participativo y muy ligado a la identidad del municipio.<\/span><\/p>\n<p><span>Durante la presentaci\u00f3n, se dio a conocer una programaci\u00f3n amplia y diversa, en la que destacan algunos de los actos m\u00e1s emblem\u00e1ticos y esperados por la ciudadan\u00eda, como la Carrera de Arretrankos, la Regata de Achipencos, la Gran Cabalgata, el Carnaval de D\u00eda, adem\u00e1s de galas, encuentros de murgas, actividades en barrios y pueblos y propuestas pensadas para todas las edades.<\/span><\/p>\n<p><span>El alcalde de Puerto del Rosario, David de Vera, destac\u00f3 que \u201ceste Carnaval vuelve a ser una fiesta hecha entre todos, que se vive en la calle y que refleja el car\u00e1cter participativo de nuestro municipio\u201d. En este sentido, subray\u00f3 que \u201clos Arretrankos, los Achipencos o la Cabalgata no son solo actos del programa, son momentos en los que la gente se implica, crea, comparte y hace suyo el Carnaval\u201d, y resalt\u00f3 la consolidaci\u00f3n y recuperaci\u00f3n de actos tradicionales como la Gala de la Reina, la Gala Infantil, la Gran Dama o el Concurso Insular de Murgas.<\/span><\/p>\n<p><img loading=\"lazy\" decoding=\"async\" loading=\"lazy\" class=\"size-full wp-image-158295 aligncenter\" src=\"https:\/\/informacionlocal.es\/wp-content\/uploads\/2026\/01\/de-su-estado-saldran-para-estar-en-el-carnaval-para-escritorio.png\" width=\"608\" height=\"851\" title=\"de-su-estado-saldran-para-estar-en-el-carnaval-para-escritorio\"><\/p>\n<p><span>Adem\u00e1s, el alcalde quiso poner en valor que \u201cdesde este grupo de gobierno se adquiri\u00f3 el compromiso de estar al d\u00eda en el pago de las subvenciones a los grupos carnavaleros, un compromiso que se ha cumplido y que entendemos como una muestra de respeto al trabajo que realizan durante todo el a\u00f1o\u201d. De Vera agradeci\u00f3 asimismo la colaboraci\u00f3n institucional y el trabajo de los colectivos carnavaleros, asociaciones, personal municipal y servicios de seguridad, \u201cque hacen posible unas fiestas seguras y bien organizadas\u201d.<\/span><\/p>\n<p><span>El consejero de Juventud del Cabildo de Fuerteventura, Adargoma Hern\u00e1ndez, felicit\u00f3 a los grupos carnavaleros y al personal implicado \u201cporque permiten que Puerto del Rosario cuente con un Carnaval de gran nivel\u201d, destacando que \u201cel Carnaval es cultura, no es solo un gasto, sino una oportunidad para la juventud y para la dinamizaci\u00f3n social y cultural de la isla\u201d.<\/span><\/p>\n<p><span>Por su parte, la concejala de Festejos, Tacoremi Guti\u00e9rrez, se mostr\u00f3 muy satisfecha con el programa presentado, destacando \u201cla gran predisposici\u00f3n y el trabajo realizado desde el Consejo del Carnaval\u201d. Seg\u00fan explic\u00f3, \u201chemos dise\u00f1ado una programaci\u00f3n escuchando a los grupos y manteniendo la esencia del Carnaval de Puerto del Rosario, reforzando actos que nos identifican como los Arretrankos y los Achipencos, y apostando por un Carnaval de D\u00eda potente\u201d.<\/span><\/p>\n<p><img loading=\"lazy\" decoding=\"async\" loading=\"lazy\" class=\"size-large wp-image-158294 aligncenter\" src=\"https:\/\/informacionlocal.es\/wp-content\/uploads\/2026\/01\/1j5a4488-1024x683-1.jpg\" width=\"1024\" height=\"683\" title=\"1j5a4488-1024x683-1\"><\/p>\n<p><span>La concejala a\u00f1adi\u00f3 que \u201ceste a\u00f1o contamos con mejores infraestructuras, una nueva carpa municipal y una coordinaci\u00f3n fluida con las distintas instituciones\u201d, y subray\u00f3 \u201cla colaboraci\u00f3n del Patronato de Turismo en la celebraci\u00f3n de los Achipencos, un evento que proyecta la imagen del municipio y se ha convertido en uno de los grandes atractivos de nuestro Carnaval\u201d, destacando que \u201cel Carnaval no se entiende sin la participaci\u00f3n de la gente\u201d.<\/span><\/p>\n<p><span>El acto de presentaci\u00f3n sirvi\u00f3 tambi\u00e9n para poner en valor el papel de las pregoneras del Carnaval 2026, la Asociaci\u00f3n Canaria de Escuelas de Danza de Fuerteventura (ACED). Su secretaria, Laura Garc\u00eda, agradeci\u00f3 al Ayuntamiento \u201cla confianza y la responsabilidad de abrir el Carnaval\u201d, se\u00f1alando que \u201cla danza es color, alegr\u00eda y Carnaval, y la magia se crea cuando la gente baila y la calle se convierte en un gran escenario\u201d. Garc\u00eda a\u00f1adi\u00f3 que \u201cpara nosotras es un honor formar parte de una fiesta tan participativa y agradecemos esta oportunidad\u201d.<\/span><\/p>\n<p><span>Los actos del Carnaval comenzar\u00e1n el viernes 6 de febrero con el tradicional nacimiento de la sardina, el preg\u00f3n, a cargo de la Asociaci\u00f3n Canaria de Escuelas de Danza de Fuerteventura (ACED), la presentaci\u00f3n de las candidatas adulta, infantil y gran dama y el pistoletazo carnavalero.<\/span><\/p>\n<p><span>El s\u00e1bado 7 de febrero tendr\u00e1 lugar la Carrera de Arretrankos, uno de los actos m\u00e1s singulares y participativos del Carnaval capitalino. A lo largo de la semana, el Carnaval llegar\u00e1 tambi\u00e9n a los barrios y pueblos del municipio, con actividades infantiles, talleres y animaci\u00f3n.<\/span><\/p>\n<p><span>El fin de semana del 13 y 14 de febrero estar\u00e1 marcado por el Encuentro Insular de Murgas Infantiles, el Concierto de Joseph Fonseca y el Concurso Insular de Murgas. El domingo 15 de febrero, la ciudad vivir\u00e1 una de las jornadas m\u00e1s intensas con el Carnaval de D\u00eda y la XXVI Regata de Achipencos.<\/span><\/p>\n<p><span>Las galas protagonizar\u00e1n la segunda semana, con la Gala Adulta el lunes 16, la Gala Infantil el martes 17 y la Gala de la Gran Dama el mi\u00e9rcoles 18 de febrero. El viernes 20 se celebrar\u00e1 el Samb\u00f3dromo y la Noche Joven, mientras que el s\u00e1bado 21 de febrero tendr\u00e1 lugar la Gran Cabalgata. El Carnaval se despedir\u00e1 el domingo 22 de febrero con el Entierro de la Sardina y la Gran Gala Drag.<\/span><\/p>\n<p><span>Con esta presentaci\u00f3n, Puerto del Rosario ya calienta motores para llenarse de mascaritas, disfrutar del ambiente carnavalero y dar la bienvenida a una de las fiestas m\u00e1s esperadas por los carnavaleros y carnavaleras, una celebraci\u00f3n que se vive con imaginaci\u00f3n, participaci\u00f3n y muchas ganas de calle.<\/span><\/p>\n<p><span>El Ayuntamiento de Puerto del Rosario agradece la colaboraci\u00f3n del Cabildo de Fuerteventura, el Gobierno de Canarias, la Autoridad Portuaria, Protecci\u00f3n Civil, Bomberos, Polic\u00eda Local, Cuerpos y Fuerzas de Seguridad del Estado, grupos carnavaleros, asociaciones de vecinos, comercios colaboradores, medios de comunicaci\u00f3n y vecinos y vecinas del municipio.<\/span><\/p>\n<p><span><strong>PROGRAMA CARNAVAL 2026<\/strong><\/span><\/p>\n<\/div>\n","protected":false},"excerpt":{"rendered":"<p>La Carrera de Arretrankos, la Regata de Achipencos, la Gran Cabalgata o el Carnaval de D\u00eda protagonizan una programaci\u00f3n pensada para vivir la fiesta en la calle En Puerto del [&hellip;]<\/p>\n","protected":false},"author":1,"featured_media":16740,"comment_status":"open","ping_status":"open","sticky":false,"template":"","format":"standard","meta":{"inline_featured_image":false,"jnews-multi-image_gallery":[],"jnews_single_post":[],"jnews_primary_category":[],"jnews_social_meta":[],"jnews_override_counter":[],"jnews_post_split":[],"footnotes":""},"categories":[61],"tags":[82],"class_list":["post-16738","post","type-post","status-publish","format-standard","has-post-thumbnail","hentry","category-puerto-del-rosario","tag-fuerteventura"],"jetpack_featured_media_url":"https:\/\/informacionlocal.es\/wp-content\/uploads\/2026\/01\/carnaval.png","_links":{"self":[{"href":"https:\/\/informacionlocal.es\/en\/wp-json\/wp\/v2\/posts\/16738","targetHints":{"allow":["GET"]}}],"collection":[{"href":"https:\/\/informacionlocal.es\/en\/wp-json\/wp\/v2\/posts"}],"about":[{"href":"https:\/\/informacionlocal.es\/en\/wp-json\/wp\/v2\/types\/post"}],"author":[{"embeddable":true,"href":"https:\/\/informacionlocal.es\/en\/wp-json\/wp\/v2\/users\/1"}],"replies":[{"embeddable":true,"href":"https:\/\/informacionlocal.es\/en\/wp-json\/wp\/v2\/comments?post=16738"}],"version-history":[{"count":0,"href":"https:\/\/informacionlocal.es\/en\/wp-json\/wp\/v2\/posts\/16738\/revisions"}],"wp:featuredmedia":[{"embeddable":true,"href":"https:\/\/informacionlocal.es\/en\/wp-json\/wp\/v2\/media\/16740"}],"wp:attachment":[{"href":"https:\/\/informacionlocal.es\/en\/wp-json\/wp\/v2\/media?parent=16738"}],"wp:term":[{"taxonomy":"category","embeddable":true,"href":"https:\/\/informacionlocal.es\/en\/wp-json\/wp\/v2\/categories?post=16738"},{"taxonomy":"post_tag","embeddable":true,"href":"https:\/\/informacionlocal.es\/en\/wp-json\/wp\/v2\/tags?post=16738"}],"curies":[{"name":"wp","href":"https:\/\/api.w.org\/{rel}","templated":true}]}}