{"id":16732,"date":"2026-01-26T11:58:43","date_gmt":"2026-01-26T11:58:43","guid":{"rendered":"https:\/\/informacionlocal.es\/el-dakar-del-cross-en-antigua-inicia-la-temporada-del-atletismo-campo-a-traves\/"},"modified":"2026-01-26T11:58:43","modified_gmt":"2026-01-26T11:58:43","slug":"el-dakar-del-cross-en-antigua-inicia-la-temporada-del-atletismo-campo-a-traves","status":"publish","type":"post","link":"https:\/\/informacionlocal.es\/en\/el-dakar-del-cross-en-antigua-inicia-la-temporada-del-atletismo-campo-a-traves\/","title":{"rendered":"El Dakar del Cross en Antigua inicia la temporada del Atletismo Campo a Trav\u00e9s"},"content":{"rendered":"<div class=\"elementor-widget-container\">\n<p><strong>El Dakar del Cross en Antigua inicia la temporada del Atletismo Campo a Trav\u00e9s<\/strong><\/p>\n<p><strong>\u2022 El XXIV Cross Insular y el 7\u00ba Campeonato de Fuerteventura Campo a Trav\u00e9s, una cita conocida como el Dakar del Cross, se celebra el s\u00e1bado 7 de febrero.<\/strong><\/p>\n<p>El Ayuntamiento de Antigua organiza desde la concejal\u00eda de Deportes, una destacada jornada deportiva con la celebraci\u00f3n del XXIV Cross Insular y, simult\u00e1neamente, el 7\u00ba Campeonato de Fuerteventura Campo a Trav\u00e9s.<\/p>\n<p>Una cita con el atletismo consolidada y que re\u00fane atletas de toda la isla, se\u00f1ala el alcalde de Antigua, Mat\u00edas Pe\u00f1a Garc\u00eda, pero sobre todo es una muestra de superaci\u00f3n, de emocionantes carreras en un ambiente de compa\u00f1erismo donde igual es aplaudido el que gana como el que logra llegar a meta, aunque sea el \u00faltimo.<\/p>\n<p>La popular prueba, conocida como el Dakar del Cross por las adversidades meteorol\u00f3gicas que siempre nos regala el d\u00eda, ya sea sol, viento, calima o incluso, lluvia, detalla el concejal de Deportes Samuel Torres Mesa, tendr\u00e1 lugar el pr\u00f3ximo s\u00e1bado 7 de febrero, y espera reunir m\u00e1s de 200 participantes entre atletas federados y aficionados.<\/p>\n<p>Torres Mesa tambi\u00e9n destaca la imprescindible colaboraci\u00f3n de la Federaci\u00f3n de Atletismo de Fuerteventura, que aporta jueces y el cronometraje, garantizando que los resultados sean v\u00e1lidos a nivel insular o regional.<\/p>\n<p>La concejal\u00eda de Deportes dispone todo lo necesario para la celebraci\u00f3n del Cross, desde las medallas para todos los participantes, trofeos para los ganadores en cada categor\u00eda, hasta los trabajos de preparaci\u00f3n del recorrido, homogeneizando los tramos y se\u00f1alizando. En breve se instalar\u00e1 tambi\u00e9n la carpa que da cobijo a los atletas y donde se dispondr\u00e1 el avituallamiento.<\/p>\n<p>Las inscripciones ya est\u00e1n abiertas y pueden formalizarse a trav\u00e9s de la p\u00e1gina web oficial: www.cronolinecanarias.com. Para cualquier consulta o informaci\u00f3n adicional, los interesados pueden contactar con la Concejal\u00eda de Deportes en el tel\u00e9fono 928878004, extensi\u00f3n 3007.<\/p>\n<p>\u00a0<\/p>\n<\/div>\n","protected":false},"excerpt":{"rendered":"<p><strong>El Dakar del Cross en Antigua inicia la temporada del Atletismo Campo a Trav\u00e9s<\/strong><\/p>\n","protected":false},"author":1,"featured_media":16734,"comment_status":"open","ping_status":"open","sticky":false,"template":"","format":"standard","meta":{"inline_featured_image":false,"jnews-multi-image_gallery":[],"jnews_single_post":[],"jnews_primary_category":[],"jnews_social_meta":[],"jnews_override_counter":[],"jnews_post_split":[],"footnotes":""},"categories":[59],"tags":[310,82],"class_list":["post-16732","post","type-post","status-publish","format-standard","has-post-thumbnail","hentry","category-antigua","tag-deportes","tag-fuerteventura"],"jetpack_featured_media_url":"https:\/\/informacionlocal.es\/wp-content\/uploads\/2026\/01\/whatsapp-image-2026-01-25-at-15-24-32.jpeg","_links":{"self":[{"href":"https:\/\/informacionlocal.es\/en\/wp-json\/wp\/v2\/posts\/16732","targetHints":{"allow":["GET"]}}],"collection":[{"href":"https:\/\/informacionlocal.es\/en\/wp-json\/wp\/v2\/posts"}],"about":[{"href":"https:\/\/informacionlocal.es\/en\/wp-json\/wp\/v2\/types\/post"}],"author":[{"embeddable":true,"href":"https:\/\/informacionlocal.es\/en\/wp-json\/wp\/v2\/users\/1"}],"replies":[{"embeddable":true,"href":"https:\/\/informacionlocal.es\/en\/wp-json\/wp\/v2\/comments?post=16732"}],"version-history":[{"count":0,"href":"https:\/\/informacionlocal.es\/en\/wp-json\/wp\/v2\/posts\/16732\/revisions"}],"wp:featuredmedia":[{"embeddable":true,"href":"https:\/\/informacionlocal.es\/en\/wp-json\/wp\/v2\/media\/16734"}],"wp:attachment":[{"href":"https:\/\/informacionlocal.es\/en\/wp-json\/wp\/v2\/media?parent=16732"}],"wp:term":[{"taxonomy":"category","embeddable":true,"href":"https:\/\/informacionlocal.es\/en\/wp-json\/wp\/v2\/categories?post=16732"},{"taxonomy":"post_tag","embeddable":true,"href":"https:\/\/informacionlocal.es\/en\/wp-json\/wp\/v2\/tags?post=16732"}],"curies":[{"name":"wp","href":"https:\/\/api.w.org\/{rel}","templated":true}]}}