{"id":16684,"date":"2026-01-23T16:03:04","date_gmt":"2026-01-23T16:03:04","guid":{"rendered":"https:\/\/informacionlocal.es\/el-cabildo-de-fuerteventura-abre-la-convocatoria-de-subvenciones-genericas-en-materia-de-educacion\/"},"modified":"2026-01-23T16:03:04","modified_gmt":"2026-01-23T16:03:04","slug":"el-cabildo-de-fuerteventura-abre-la-convocatoria-de-subvenciones-genericas-en-materia-de-educacion","status":"publish","type":"post","link":"https:\/\/informacionlocal.es\/en\/el-cabildo-de-fuerteventura-abre-la-convocatoria-de-subvenciones-genericas-en-materia-de-educacion\/","title":{"rendered":"El Cabildo de Fuerteventura abre la convocatoria de subvenciones gen\u00e9ricas en materia de educaci\u00f3n"},"content":{"rendered":"<div class=\"entry-content\"><strong>23 enero, 2026<\/strong><\/p>\n<p><strong><em>La dotaci\u00f3n m\u00e1xima ser\u00e1 de 4.000 euros y las solicitudes pueden presentarse hasta el 11 de febrero<\/em><\/strong><\/p>\n<p>El Cabildo de Fuerteventura, a trav\u00e9s de la Consejer\u00eda de Educaci\u00f3n, ha abierto la convocatoria de las subvenciones gen\u00e9ricas que se dirigen a apoyar proyectos educativos en la Isla. El plazo para presentar las solicitudes permanece abierto hasta el pr\u00f3ximo 11 de febrero.<\/p>\n<p>La presidenta del Cabildo de Fuerteventura, Lola Garc\u00eda, pone en valor \u201cunas ayudas que son fundamentales para apoyar proyectos innovadores en el \u00e1mbito educativo, dentro del trabajo que realiza la Consejer\u00eda de Educaci\u00f3n en esta \u00e1rea\u201d.<\/p>\n<p>Se concede una dotaci\u00f3n m\u00e1xima de 4.000 euros por propuesta, con el objetivo de apoyar proyectos, acciones y actividades educativas desarrolladas en el \u00e1mbito de la Isla, desarrolladas por centros educativos, federaciones de madres y padres de alumnado, as\u00ed como las entidades locales titulares de escuelas de educaci\u00f3n infantil autorizadas.<\/p>\n<p>El consejero de Educaci\u00f3n, Adargoma Hern\u00e1ndez, ha destacado la importancia de esta convocatoria para la comunidad educativa, habi\u00e9ndose mejorado los criterios de valoraci\u00f3n, flexibilizando las ayudas y permitiendo atender a mayor cantidad de proyectos educativos.<\/p>\n<p>Las solicitudes deber\u00e1n presentarse obligatoriamente por v\u00eda telem\u00e1tica a trav\u00e9s de la sede electr\u00f3nica del Cabildo de Fuerteventura. Toda la informaci\u00f3n y el modelo normalizado de solicitud se encuentran disponibles en la web del Cabildo: https:\/\/www.cabildofuer.es\/cabildo\/genericas-2026\/<\/p>\n<\/div>\n","protected":false},"excerpt":{"rendered":"<p>23 enero, 2026 La dotaci\u00f3n m\u00e1xima ser\u00e1 de 4.000 euros y las solicitudes pueden presentarse hasta el 11 de febrero El Cabildo de Fuerteventura, a trav\u00e9s de la Consejer\u00eda de [&hellip;]<\/p>\n","protected":false},"author":1,"featured_media":16686,"comment_status":"open","ping_status":"open","sticky":false,"template":"","format":"standard","meta":{"inline_featured_image":false,"jnews-multi-image_gallery":[],"jnews_single_post":[],"jnews_primary_category":[],"jnews_social_meta":[],"jnews_override_counter":[],"jnews_post_split":[],"footnotes":""},"categories":[58],"tags":[73,82],"class_list":["post-16684","post","type-post","status-publish","format-standard","has-post-thumbnail","hentry","category-cabildo","tag-educacion","tag-fuerteventura"],"jetpack_featured_media_url":"https:\/\/informacionlocal.es\/wp-content\/uploads\/2026\/01\/subvenciones-edu.jpeg","_links":{"self":[{"href":"https:\/\/informacionlocal.es\/en\/wp-json\/wp\/v2\/posts\/16684","targetHints":{"allow":["GET"]}}],"collection":[{"href":"https:\/\/informacionlocal.es\/en\/wp-json\/wp\/v2\/posts"}],"about":[{"href":"https:\/\/informacionlocal.es\/en\/wp-json\/wp\/v2\/types\/post"}],"author":[{"embeddable":true,"href":"https:\/\/informacionlocal.es\/en\/wp-json\/wp\/v2\/users\/1"}],"replies":[{"embeddable":true,"href":"https:\/\/informacionlocal.es\/en\/wp-json\/wp\/v2\/comments?post=16684"}],"version-history":[{"count":0,"href":"https:\/\/informacionlocal.es\/en\/wp-json\/wp\/v2\/posts\/16684\/revisions"}],"wp:featuredmedia":[{"embeddable":true,"href":"https:\/\/informacionlocal.es\/en\/wp-json\/wp\/v2\/media\/16686"}],"wp:attachment":[{"href":"https:\/\/informacionlocal.es\/en\/wp-json\/wp\/v2\/media?parent=16684"}],"wp:term":[{"taxonomy":"category","embeddable":true,"href":"https:\/\/informacionlocal.es\/en\/wp-json\/wp\/v2\/categories?post=16684"},{"taxonomy":"post_tag","embeddable":true,"href":"https:\/\/informacionlocal.es\/en\/wp-json\/wp\/v2\/tags?post=16684"}],"curies":[{"name":"wp","href":"https:\/\/api.w.org\/{rel}","templated":true}]}}