{"id":16674,"date":"2026-01-23T15:03:12","date_gmt":"2026-01-23T15:03:12","guid":{"rendered":"https:\/\/informacionlocal.es\/exito-de-convocatoria-en-el-i-gran-concurso-de-graffiti-del-barrio-de-fabelo-con-19-solicitudes-recibidas\/"},"modified":"2026-01-23T15:03:12","modified_gmt":"2026-01-23T15:03:12","slug":"exito-de-convocatoria-en-el-i-gran-concurso-de-graffiti-del-barrio-de-fabelo-con-19-solicitudes-recibidas","status":"publish","type":"post","link":"https:\/\/informacionlocal.es\/en\/exito-de-convocatoria-en-el-i-gran-concurso-de-graffiti-del-barrio-de-fabelo-con-19-solicitudes-recibidas\/","title":{"rendered":"\u00c9xito de convocatoria en el I Gran Concurso de Graffiti del barrio de Fabelo, con 19 solicitudes recibidas"},"content":{"rendered":"<div class=\"entry-content\">\n<ul>\n<li><span><strong>El proceso de inscripci\u00f3n se cierra con 15 artistas titulares seleccionados y dos suplentes, a dos d\u00edas de la celebraci\u00f3n del certamen<\/strong><\/span><strong>\u00a0<\/strong><\/li>\n<\/ul>\n<p><span><strong>En Puerto del Rosario, a 23 de enero de 2026.-<\/strong> El I Gran Concurso de Graffiti \u2013 Barrio de Fabelo ha cerrado su convocatoria con un balance muy positivo, confirmando el inter\u00e9s y la proyecci\u00f3n que ha despertado esta primera edici\u00f3n dentro del panorama del arte urbano en Canarias. En total, 19 artistas presentaron solicitud, de los cuales 15 han sido seleccionados como titulares y dos quedan como suplentes, cifras que desde la organizaci\u00f3n se valoran como un aut\u00e9ntico \u00e9xito de participaci\u00f3n.<\/span><\/p>\n<p><span>La iniciativa, impulsada por la Asociaci\u00f3n de Vecinos La Rosa del Fabelo, con la colaboraci\u00f3n del Ayuntamiento de Puerto del Rosario, ha logrado atraer a artistas de primer nivel, muchos de ellos autores de murales de referencia en distintos puntos de Fuerteventura, lo que eleva notablemente el nivel art\u00edstico del certamen en su estreno.<\/span><\/p>\n<p><span>Para el Ayuntamiento de Puerto del Rosario, iniciativas de esta naturaleza ponen en valor la colaboraci\u00f3n entre la instituci\u00f3n y el tejido asociativo local, reforzando una propuesta cultural que dinamiza pueblos y barrios.<\/span><\/p>\n<p><span>Desde la organizaci\u00f3n se destaca que la alta demanda y la calidad de las propuestas recibidas han obligado a realizar un proceso de selecci\u00f3n especialmente cuidadoso, priorizando la solvencia art\u00edstica y la trayectoria de los participantes. El resultado ser\u00e1 una jornada en la que el barrio de Fabelo se transformar\u00e1 en un gran lienzo urbano, con propuestas diversas y de alto nivel creativo.<\/span><\/p>\n<p><img loading=\"lazy\" decoding=\"async\" loading=\"lazy\" class=\"size-large wp-image-158162 aligncenter\" src=\"https:\/\/informacionlocal.es\/wp-content\/uploads\/2026\/01\/graffiti-728x1024-2.jpeg\" width=\"728\" height=\"1024\" title=\"graffiti-728x1024-2\"><\/p>\n<p><span>El concurso se celebrar\u00e1 este s\u00e1bado 24 de enero y repartir\u00e1 2.000 euros en premios, consolid\u00e1ndose ya en su primera edici\u00f3n como una de las convocatorias de graffiti mejor dotadas econ\u00f3micamente de Canarias. Las obras se realizar\u00e1n sobre lonas de gran formato y permanecer\u00e1n sin firmar hasta el fallo del jurado, garantizando as\u00ed una valoraci\u00f3n completamente an\u00f3nima y objetiva.<\/span><\/p>\n<p><span>Adem\u00e1s de la competici\u00f3n art\u00edstica, el evento se desarrollar\u00e1 como una jornada cultural abierta a la ciudadan\u00eda, con talleres infantiles desde las 12:00 horas, un Taller de Danza Urbana a las 18:00 horas y m\u00fasica durante todo el d\u00eda, culminando con sesi\u00f3n de DJ, fallo del jurado y entrega de premios a partir de las 20:00 horas.<\/span><\/p>\n<p><span>A falta de dos d\u00edas para su celebraci\u00f3n, el I Gran Concurso de Graffiti \u2013 Barrio de Fabelo se perfila ya como una cita destacada del calendario cultural de Puerto del Rosario, tanto por la respuesta del sector art\u00edstico como por la implicaci\u00f3n vecinal y el marcado enfoque comunitario del proyecto.<\/span><\/p>\n<\/div>\n","protected":false},"excerpt":{"rendered":"<p>El proceso de inscripci\u00f3n se cierra con 15 artistas titulares seleccionados y dos suplentes, a dos d\u00edas de la celebraci\u00f3n del certamen\u00a0 En Puerto del Rosario, a 23 de enero [&hellip;]<\/p>\n","protected":false},"author":1,"featured_media":16676,"comment_status":"open","ping_status":"open","sticky":false,"template":"","format":"standard","meta":{"inline_featured_image":false,"jnews-multi-image_gallery":[],"jnews_single_post":[],"jnews_primary_category":[],"jnews_social_meta":[],"jnews_override_counter":[],"jnews_post_split":[],"footnotes":""},"categories":[61],"tags":[68,82],"class_list":["post-16674","post","type-post","status-publish","format-standard","has-post-thumbnail","hentry","category-puerto-del-rosario","tag-convocatorias","tag-fuerteventura"],"jetpack_featured_media_url":"https:\/\/informacionlocal.es\/wp-content\/uploads\/2026\/01\/graffitti-1.png","_links":{"self":[{"href":"https:\/\/informacionlocal.es\/en\/wp-json\/wp\/v2\/posts\/16674","targetHints":{"allow":["GET"]}}],"collection":[{"href":"https:\/\/informacionlocal.es\/en\/wp-json\/wp\/v2\/posts"}],"about":[{"href":"https:\/\/informacionlocal.es\/en\/wp-json\/wp\/v2\/types\/post"}],"author":[{"embeddable":true,"href":"https:\/\/informacionlocal.es\/en\/wp-json\/wp\/v2\/users\/1"}],"replies":[{"embeddable":true,"href":"https:\/\/informacionlocal.es\/en\/wp-json\/wp\/v2\/comments?post=16674"}],"version-history":[{"count":0,"href":"https:\/\/informacionlocal.es\/en\/wp-json\/wp\/v2\/posts\/16674\/revisions"}],"wp:featuredmedia":[{"embeddable":true,"href":"https:\/\/informacionlocal.es\/en\/wp-json\/wp\/v2\/media\/16676"}],"wp:attachment":[{"href":"https:\/\/informacionlocal.es\/en\/wp-json\/wp\/v2\/media?parent=16674"}],"wp:term":[{"taxonomy":"category","embeddable":true,"href":"https:\/\/informacionlocal.es\/en\/wp-json\/wp\/v2\/categories?post=16674"},{"taxonomy":"post_tag","embeddable":true,"href":"https:\/\/informacionlocal.es\/en\/wp-json\/wp\/v2\/tags?post=16674"}],"curies":[{"name":"wp","href":"https:\/\/api.w.org\/{rel}","templated":true}]}}