{"id":16662,"date":"2026-01-23T12:59:20","date_gmt":"2026-01-23T12:59:20","guid":{"rendered":"https:\/\/informacionlocal.es\/el-cabildo-impulsa-la-formacion-en-competencias-digitales-basicas-para-la-ciudadania-de-betancuria\/"},"modified":"2026-01-23T12:59:20","modified_gmt":"2026-01-23T12:59:20","slug":"el-cabildo-impulsa-la-formacion-en-competencias-digitales-basicas-para-la-ciudadania-de-betancuria","status":"publish","type":"post","link":"https:\/\/informacionlocal.es\/en\/el-cabildo-impulsa-la-formacion-en-competencias-digitales-basicas-para-la-ciudadania-de-betancuria\/","title":{"rendered":"El Cabildo impulsa la formaci\u00f3n en competencias digitales b\u00e1sicas para la ciudadan\u00eda de Betancuria"},"content":{"rendered":"<div class=\"entry-content\"><strong>23 enero, 2026<\/strong><\/p>\n<p><strong><em>El proyecto busca reducir la brecha digital y fomentar el acceso<br \/>\nseguro a los servicios digitales en un municipio con reto demogr\u00e1fico<\/em><\/strong><\/p>\n<p>El Cabildo de Fuerteventura, a trav\u00e9s de la Consejer\u00eda de Nuevas<br \/>\nTecnolog\u00edas, pone en marcha un proyecto de formaci\u00f3n en competencias digitales<br \/>\nb\u00e1sicas dirigido a la ciudadan\u00eda del municipio de Betancuria, con especial<br \/>\natenci\u00f3n a personas mayores, mujeres y poblaci\u00f3n infantil-juvenil.<\/p>\n<p>Con esta iniciativa, la Corporaci\u00f3n insular contin\u00faa con el objetivo<br \/>\nde acercar la capacitaci\u00f3n digital a todos los municipios de la isla,<br \/>\nfavoreciendo el acceso a los servicios p\u00fablicos en l\u00ednea, el uso seguro de las<br \/>\ntransacciones digitales y una participaci\u00f3n m\u00e1s activa en la sociedad de la<br \/>\ninformaci\u00f3n. En el caso de Betancuria, el programa se adapta a las<br \/>\ncaracter\u00edsticas de un municipio con especiales dificultades demogr\u00e1ficas,<br \/>\nofreciendo acciones formativas dise\u00f1adas seg\u00fan las necesidades de su poblaci\u00f3n<br \/>\nresidente.<\/p>\n<p>El proyecto contempla contenidos orientados a mejorar las<br \/>\nhabilidades digitales b\u00e1sicas, incluyendo el uso de herramientas digitales, la<br \/>\ncomunicaci\u00f3n en l\u00ednea, la b\u00fasqueda y evaluaci\u00f3n de informaci\u00f3n, la realizaci\u00f3n<br \/>\nde gestiones y compras por internet de forma segura, la interacci\u00f3n con las<br \/>\nadministraciones p\u00fablicas y la resoluci\u00f3n de problemas digitales habituales.<\/p>\n<p>Las sesiones formativas se celebrar\u00e1n los d\u00edas 23 y 24 de febrero,<br \/>\nde 9.00 a 13.00 horas, en Betancuria, y los d\u00edas 25 y 26 de febrero, de 16.00 a<br \/>\n20.00 horas, en Valle de Santa In\u00e9s. Las personas interesadas pueden solicitar<br \/>\ninformaci\u00f3n e inscribirse a trav\u00e9s del tel\u00e9fono 651 902 664 o del correo<br \/>\nelectr\u00f3nico innovafuerteventura@cabildofuer.es.<\/p>\n<p>La consejera insular de Nuevas Tecnolog\u00edas, Carmen Alonso, destaca<br \/>\nque \u201cesta acci\u00f3n reafirma el compromiso del Cabildo de Fuerteventura con la<br \/>\nreducci\u00f3n de la brecha digital en todos los municipios y con el impulso de una<br \/>\nsociedad m\u00e1s inclusiva e integrada en el entorno digital\u201d. Alonso anima \u201ca<br \/>\ntodos los vecinos y vecinas de Betancuria, especialmente a las personas<br \/>\nmayores, a las mujeres y a la poblaci\u00f3n infantil y juvenil, a participar en<br \/>\neste proyecto y aprovechar esta oportunidad para mejorar sus competencias<br \/>\ndigitales y ganar autonom\u00eda en el uso de las nuevas tecnolog\u00edas\u201d.\u200b<\/p>\n<p>La actuaci\u00f3n se enmarca en el Componente 19, Inversi\u00f3n 1<br \/>\n\u201cCompetencias Digitales Transversales\u201d del Plan de Recuperaci\u00f3n, Transformaci\u00f3n<br \/>\ny Resiliencia del Gobierno de Espa\u00f1a, gestionado en Canarias por el Gobierno<br \/>\nauton\u00f3mico y financiado con fondos europeos Next Generation, cuyo objetivo es<br \/>\nimpulsar la formaci\u00f3n digital de la ciudadan\u00eda en zonas con reto demogr\u00e1fico.<\/p>\n<\/div>\n","protected":false},"excerpt":{"rendered":"<p>23 enero, 2026 El proyecto busca reducir la brecha digital y fomentar el acceso seguro a los servicios digitales en un municipio con reto demogr\u00e1fico El Cabildo de Fuerteventura, a [&hellip;]<\/p>\n","protected":false},"author":1,"featured_media":16664,"comment_status":"open","ping_status":"open","sticky":false,"template":"","format":"standard","meta":{"inline_featured_image":false,"jnews-multi-image_gallery":[],"jnews_single_post":[],"jnews_primary_category":[],"jnews_social_meta":[],"jnews_override_counter":[],"jnews_post_split":[],"footnotes":""},"categories":[58],"tags":[82,65,66],"class_list":["post-16662","post","type-post","status-publish","format-standard","has-post-thumbnail","hentry","category-cabildo","tag-fuerteventura","tag-municipios","tag-servicios-publicos"],"jetpack_featured_media_url":"https:\/\/informacionlocal.es\/wp-content\/uploads\/2026\/01\/cartel-betancuria.jpeg","_links":{"self":[{"href":"https:\/\/informacionlocal.es\/en\/wp-json\/wp\/v2\/posts\/16662","targetHints":{"allow":["GET"]}}],"collection":[{"href":"https:\/\/informacionlocal.es\/en\/wp-json\/wp\/v2\/posts"}],"about":[{"href":"https:\/\/informacionlocal.es\/en\/wp-json\/wp\/v2\/types\/post"}],"author":[{"embeddable":true,"href":"https:\/\/informacionlocal.es\/en\/wp-json\/wp\/v2\/users\/1"}],"replies":[{"embeddable":true,"href":"https:\/\/informacionlocal.es\/en\/wp-json\/wp\/v2\/comments?post=16662"}],"version-history":[{"count":0,"href":"https:\/\/informacionlocal.es\/en\/wp-json\/wp\/v2\/posts\/16662\/revisions"}],"wp:featuredmedia":[{"embeddable":true,"href":"https:\/\/informacionlocal.es\/en\/wp-json\/wp\/v2\/media\/16664"}],"wp:attachment":[{"href":"https:\/\/informacionlocal.es\/en\/wp-json\/wp\/v2\/media?parent=16662"}],"wp:term":[{"taxonomy":"category","embeddable":true,"href":"https:\/\/informacionlocal.es\/en\/wp-json\/wp\/v2\/categories?post=16662"},{"taxonomy":"post_tag","embeddable":true,"href":"https:\/\/informacionlocal.es\/en\/wp-json\/wp\/v2\/tags?post=16662"}],"curies":[{"name":"wp","href":"https:\/\/api.w.org\/{rel}","templated":true}]}}