{"id":16656,"date":"2026-01-23T11:59:29","date_gmt":"2026-01-23T11:59:29","guid":{"rendered":"https:\/\/informacionlocal.es\/puerto-del-rosario-adjudica-la-redaccion-del-proyecto-para-crear-un-itinerario-peatonal-accesible-entre-varios-barrios-del-municipio\/"},"modified":"2026-01-23T11:59:29","modified_gmt":"2026-01-23T11:59:29","slug":"puerto-del-rosario-adjudica-la-redaccion-del-proyecto-para-crear-un-itinerario-peatonal-accesible-entre-varios-barrios-del-municipio","status":"publish","type":"post","link":"https:\/\/informacionlocal.es\/en\/puerto-del-rosario-adjudica-la-redaccion-del-proyecto-para-crear-un-itinerario-peatonal-accesible-entre-varios-barrios-del-municipio\/","title":{"rendered":"Puerto del Rosario adjudica la redacci\u00f3n del proyecto para crear un itinerario peatonal accesible entre varios barrios del municipio"},"content":{"rendered":"<div class=\"entry-content\">\n<ul>\n<li><span><strong>La actuaci\u00f3n, integrada en el Plan Municipal \u201cUn Puerto Inclusivo\u201d, conectar\u00e1 Fabelo Alto, Fabelo Bajo, Buenavista y La Charca, mejorando la movilidad, la seguridad y la accesibilidad universal.<\/strong><\/span><strong>\u00a0<\/strong><\/li>\n<\/ul>\n<p><span><strong>En Puerto del Rosario, a 23 de enero de 2026.-<\/strong> El Ayuntamiento de Puerto del Rosario ha adjudicado a la empresa LC 30 Consultores SL la licitaci\u00f3n para la redacci\u00f3n del proyecto L2, una actuaci\u00f3n clave dentro del Plan Municipal \u201cUn Puerto Inclusivo<em>\u201d<\/em>, orientado hacia un modelo de ciudad m\u00e1s accesible, cohesionada y pensada para las personas.<\/span><\/p>\n<p><span>El proyecto L2 tiene como objetivo principal la creaci\u00f3n de un itinerario peatonal accesible, seguro y continuo que conecte los barrios de Fabelo Alto, Fabelo Bajo, Buenavista y La Charca, facilitando los desplazamientos a pie y mejorando de forma notable la movilidad peatonal, la seguridad vial y la calidad de vida de la ciudadan\u00eda.<\/span><\/p>\n<p><span>La redacci\u00f3n del proyecto comenzar\u00e1 la pr\u00f3xima semana con la realizaci\u00f3n de un estudio topogr\u00e1fico, que servir\u00e1 de base para el desarrollo t\u00e9cnico de la actuaci\u00f3n. Adem\u00e1s, se llevar\u00e1 a cabo un an\u00e1lisis detallado de todos los servicios afectados, entre ellos las aguas pluviales, la red de saneamiento, el suministro energ\u00e9tico, el abastecimiento de agua, la telefon\u00eda y las telecomunicaciones, garantizando as\u00ed una correcta coordinaci\u00f3n de las infraestructuras existentes.<\/span><\/p>\n<p><span>El alcalde de Puerto del Rosario, David de Vera, destac\u00f3 que \u201ceste proyecto responde a una visi\u00f3n de ciudad que piensa en el d\u00eda a d\u00eda de las personas. Conectar barrios, eliminar barreras y hacer m\u00e1s seguros los recorridos peatonales es una forma directa de mejorar la vida de nuestros vecinos y vecinas, especialmente de quienes m\u00e1s lo necesitan\u201d.<\/span><\/p>\n<p><span>La concejala de Movilidad y Accesibilidad, To\u00f1i Fdez. Arag\u00f3n, subray\u00f3 que \u201cno se trata solo de trazar un recorrido, sino de dise\u00f1ar un espacio urbano que sea c\u00f3modo, seguro y utilizable por todas las personas, independientemente de su edad o condici\u00f3n f\u00edsica. Este estudio previo nos permitir\u00e1 adaptar el proyecto a la realidad del entorno y hacerlo verdaderamente funcional\u201d. Y a\u00f1adi\u00f3 que \u201ceste es el primer paso para poder solicitar subvenciones a las diferentes administraciones y que esta actuaci\u00f3n tan necesaria para el municipio de Puerto del Rosario pueda ser realidad\u201d.<\/span><\/p>\n<p><span>Entre los objetivos principales del proyecto L2 se encuentran la mejora de la movilidad peatonal, fomentando desplazamientos m\u00e1s sostenibles y ordenados; la inclusi\u00f3n y la autonom\u00eda personal, garantizando recorridos accesibles para personas con movilidad reducida o diversidad funcional; y la creaci\u00f3n de espacios urbanos m\u00e1s seguros y amables, pensados para peatones de todas las edades.<\/span><\/p>\n<p><span>El proyecto contemplar\u00e1 el dise\u00f1o de un itinerario conforme a la normativa vigente en materia de accesibilidad, con especial atenci\u00f3n a la eliminaci\u00f3n de barreras arquitect\u00f3nicas, la continuidad de los recorridos peatonales, el refuerzo de la seguridad y la integraci\u00f3n de los distintos servicios urbanos.<\/span><\/p>\n<p><span>Con esta adjudicaci\u00f3n, el Ayuntamiento de Puerto del Rosario contin\u00faa dando pasos firmes hacia una ciudad m\u00e1s inclusiva y accesible, donde la movilidad peatonal y la accesibilidad universal se consolidan como ejes fundamentales del desarrollo urbano.<\/span><\/p>\n<\/div>\n","protected":false},"excerpt":{"rendered":"<p>La actuaci\u00f3n, integrada en el Plan Municipal \u201cUn Puerto Inclusivo\u201d, conectar\u00e1 Fabelo Alto, Fabelo Bajo, Buenavista y La Charca, mejorando la movilidad, la seguridad y la accesibilidad universal.\u00a0 En Puerto [&hellip;]<\/p>\n","protected":false},"author":1,"featured_media":16658,"comment_status":"open","ping_status":"open","sticky":false,"template":"","format":"standard","meta":{"inline_featured_image":false,"jnews-multi-image_gallery":[],"jnews_single_post":[],"jnews_primary_category":[],"jnews_social_meta":[],"jnews_override_counter":[],"jnews_post_split":[],"footnotes":""},"categories":[61],"tags":[72],"class_list":["post-16656","post","type-post","status-publish","format-standard","has-post-thumbnail","hentry","category-puerto-del-rosario","tag-integracion"],"jetpack_featured_media_url":"https:\/\/informacionlocal.es\/wp-content\/uploads\/2026\/01\/itinerario-peatonal.png","_links":{"self":[{"href":"https:\/\/informacionlocal.es\/en\/wp-json\/wp\/v2\/posts\/16656","targetHints":{"allow":["GET"]}}],"collection":[{"href":"https:\/\/informacionlocal.es\/en\/wp-json\/wp\/v2\/posts"}],"about":[{"href":"https:\/\/informacionlocal.es\/en\/wp-json\/wp\/v2\/types\/post"}],"author":[{"embeddable":true,"href":"https:\/\/informacionlocal.es\/en\/wp-json\/wp\/v2\/users\/1"}],"replies":[{"embeddable":true,"href":"https:\/\/informacionlocal.es\/en\/wp-json\/wp\/v2\/comments?post=16656"}],"version-history":[{"count":0,"href":"https:\/\/informacionlocal.es\/en\/wp-json\/wp\/v2\/posts\/16656\/revisions"}],"wp:featuredmedia":[{"embeddable":true,"href":"https:\/\/informacionlocal.es\/en\/wp-json\/wp\/v2\/media\/16658"}],"wp:attachment":[{"href":"https:\/\/informacionlocal.es\/en\/wp-json\/wp\/v2\/media?parent=16656"}],"wp:term":[{"taxonomy":"category","embeddable":true,"href":"https:\/\/informacionlocal.es\/en\/wp-json\/wp\/v2\/categories?post=16656"},{"taxonomy":"post_tag","embeddable":true,"href":"https:\/\/informacionlocal.es\/en\/wp-json\/wp\/v2\/tags?post=16656"}],"curies":[{"name":"wp","href":"https:\/\/api.w.org\/{rel}","templated":true}]}}