{"id":16606,"date":"2026-01-22T17:59:25","date_gmt":"2026-01-22T17:59:25","guid":{"rendered":"https:\/\/informacionlocal.es\/el-ayuntamiento-de-puerto-del-rosario-abre-el-plazo-para-acceder-a-un-nuevo-curso-que-permite-la-bonificacion-de-la-tasa-de-gestion-de-residuos\/"},"modified":"2026-01-22T17:59:25","modified_gmt":"2026-01-22T17:59:25","slug":"el-ayuntamiento-de-puerto-del-rosario-abre-el-plazo-para-acceder-a-un-nuevo-curso-que-permite-la-bonificacion-de-la-tasa-de-gestion-de-residuos","status":"publish","type":"post","link":"https:\/\/informacionlocal.es\/en\/el-ayuntamiento-de-puerto-del-rosario-abre-el-plazo-para-acceder-a-un-nuevo-curso-que-permite-la-bonificacion-de-la-tasa-de-gestion-de-residuos\/","title":{"rendered":"El Ayuntamiento de Puerto del Rosario abre el plazo para acceder a un nuevo curso que permite la bonificaci\u00f3n de la tasa de gesti\u00f3n de residuos"},"content":{"rendered":"<div class=\"entry-content\">\n<ul>\n<li><span><strong>El plazo para la inscripci\u00f3n al curso se abre desde el 22 de enero de 2026, estando disponible la inscripci\u00f3n hasta el 16 de febrero de 2026.<\/strong><\/span><strong>\u00a0<\/strong><\/li>\n<\/ul>\n<p><span><strong>En Puerto del Rosario, a 22 de enero de 2026.-<\/strong> El Ayuntamiento de Puerto del Rosario pone a disposici\u00f3n de la ciudadan\u00eda nuevamente el curso de forma presencial y online para mejorar la gesti\u00f3n de residuos y promover la econom\u00eda circular.<\/span><\/p>\n<p><span>El curso de \u201cFormaci\u00f3n de Sensibilizaci\u00f3n, Reciclaje, Gesti\u00f3n de Residuos y Econom\u00eda Circular\u201d es requisito imprescindible para que la ciudadan\u00eda y el tejido comercial puedan acceder a la bonificaci\u00f3n previstas en la nueva Ordenanza de la Tasa de Gesti\u00f3n de Residuos: un 30% para residentes empadronados y un 20% para comercios.<\/span><\/p>\n<p><span>Una vez realizado el curso, se deber\u00e1 presentar por registro de entrada en el Ayuntamiento, antes del 28\/02\/2026, solicitud de esta bonificaci\u00f3n e indicando la referencia catastral de la vivienda o local.<\/span><\/p>\n<p><span>El\u00a0alcalde, David de Vera,\u00a0destaca que esta acci\u00f3n \u201cnos permite acercar la educaci\u00f3n ambiental a todos los barrios y localidades, facilitando que cada vecino pueda formarse sin necesidad de grandes desplazamientos\u201d, y recalca que \u201cponer la formaci\u00f3n al alcance de toda la poblaci\u00f3n es esencial para seguir avanzando hacia un Puerto del Rosario m\u00e1s limpio y comprometido con su entorno\u201d.<\/span><\/p>\n<p><span>Por su parte, el\u00a0concejal de Econom\u00eda y Hacienda, Juan Manuel Verdugo,\u00a0subraya que esta formaci\u00f3n \u201cno solo es un requisito para optar a las bonificaciones municipales, sino una oportunidad para que la ciudadan\u00eda conozca mejor c\u00f3mo reducir, separar y gestionar los residuos en su d\u00eda a d\u00eda\u201d. A\u00f1ade adem\u00e1s que \u201cla econom\u00eda circular es un eje fundamental de nuestra pol\u00edtica fiscal y ambiental, y por eso impulsamos herramientas que ayuden a integrar estos h\u00e1bitos en hogares y empresas\u201d.<\/span><\/p>\n<p><img loading=\"lazy\" decoding=\"async\" loading=\"lazy\" class=\"size-large wp-image-158256 aligncenter\" src=\"https:\/\/informacionlocal.es\/wp-content\/uploads\/2026\/01\/curso-reciclaje_page-0001-724x1024-1.jpg\" width=\"724\" height=\"1024\" title=\"curso-reciclaje_page-0001-724x1024-1\"><\/p>\n<p><span>El Ayuntamiento de Puerto del Rosario ofrece una segunda oportunidad para realizar la \u201cFormaci\u00f3n de sensibilizaci\u00f3n, reciclaje, gesti\u00f3n de residuos y econom\u00eda circular\u201d.<\/span><\/p>\n<p><span>La formaci\u00f3n presencial se ha planificado con 22 sesiones impartidas en distintos puntos del municipio, permitiendo que el ciudadano pueda inscribirse \u00fanicamente en una sesi\u00f3n de 3 horas. El objetivo es que los vecinos y vecinas dispongan de opciones cercanas a sus domicilios y puedan elegir la fecha y el lugar que les resulte m\u00e1s c\u00f3modo desde el propio cuestionario de inscripci\u00f3n al curso. La fecha de inicio de las sesiones presenciales comienza el 27 de enero de 2026 y finaliza el 19 de febrero de 2026.<\/span><\/p>\n<p><span>A su vez, est\u00e1 disponible la modalidad online, activa del 27 de enero al 19 de febrero de 2026, que permite acceder a los contenidos y se acordar\u00e1 con la empresa encargada la fecha en la que podr\u00e1n acceder al campus para realizar el curso. Esta opci\u00f3n incluye una prueba tipo test final y resulta especialmente \u00fatil para quienes requieren una mayor flexibilidad.<\/span><\/p>\n<p><span>El plazo para la inscripci\u00f3n al curso se abre desde el 22 de enero de 2026, estando disponible la inscripci\u00f3n hasta el 16 de febrero de 2026. Completar satisfactoriamente esta formaci\u00f3n permite bonificar el 30% sobre la tasa de gesti\u00f3n de residuos para aquellos ciudadanos empadronados en el municipio de Puerto del Rosario y un 20% para los comercios.<\/span><\/p>\n<p><span>Se ofrecen diferentes modalidades de impartici\u00f3n del curso para facilitar la comodidad de todos.<\/span><\/p>\n<p><span>Por un lado, la formaci\u00f3n presencial ser\u00e1 una sesi\u00f3n de tres horas v\u00e1lidas con un cuestionario sencillo al finalizar. Empiezan este martes 27 de enero de 2026, con sesiones en la academia E2 Formaci\u00f3n (c\/ Mar\u00eda Estrada 21 Local), en el Centro de Mayores, en Casillas del \u00c1ngel, en El Matorral y en el Centro Insular de Juventud de Puerto del Rosario (Universidad Popular).<\/span><\/p>\n<p><span>Por otro lado, la formaci\u00f3n Online, tendr\u00e1 una duraci\u00f3n de 2 horas y 30 minutos y requiere superar un test de 20 preguntas con al menos el 50% de aciertos. Se coordinar\u00e1 con la empresa \u201cE2 Formaci\u00f3n\u201d el acceso al campus para realizar el curso.<\/span><\/p>\n<p><span>Inscripciones al curso:<\/span><\/p>\n<ul>\n<li><span>Online: A trav\u00e9s del siguiente enlace:\u00a0Inscripcion Reciclaje E2 Formaci\u00f3n<\/span><\/li>\n<li><span>Presencial: En el Centro de Formaci\u00f3n \u201cE2 Formaci\u00f3n\u201d en C\/ Mar\u00eda Estrada 21, Local, 35600 \u2013 Puerto del Rosario<\/span><\/li>\n<\/ul>\n<p><span>El Ayuntamiento pone en marcha estas acciones con el fin de mejorar las pr\u00e1cticas de gesti\u00f3n de residuos y reforzar la sensibilizaci\u00f3n ambiental en todo el municipio.<\/span><\/p>\n<p><span>\u00a1F\u00f3rmate, recicla y reduce el costo de tu tasa de residuos!<\/span><\/p>\n<\/div>\n","protected":false},"excerpt":{"rendered":"<p>El plazo para la inscripci\u00f3n al curso se abre desde el 22 de enero de 2026, estando disponible la inscripci\u00f3n hasta el 16 de febrero de 2026.\u00a0 En Puerto del [&hellip;]<\/p>\n","protected":false},"author":1,"featured_media":16608,"comment_status":"open","ping_status":"open","sticky":false,"template":"","format":"standard","meta":{"inline_featured_image":false,"jnews-multi-image_gallery":[],"jnews_single_post":[],"jnews_primary_category":[],"jnews_social_meta":[],"jnews_override_counter":[],"jnews_post_split":[],"footnotes":""},"categories":[61],"tags":[73],"class_list":["post-16606","post","type-post","status-publish","format-standard","has-post-thumbnail","hentry","category-puerto-del-rosario","tag-educacion"],"jetpack_featured_media_url":"https:\/\/informacionlocal.es\/wp-content\/uploads\/2026\/01\/bonificacion-residuos.png","_links":{"self":[{"href":"https:\/\/informacionlocal.es\/en\/wp-json\/wp\/v2\/posts\/16606","targetHints":{"allow":["GET"]}}],"collection":[{"href":"https:\/\/informacionlocal.es\/en\/wp-json\/wp\/v2\/posts"}],"about":[{"href":"https:\/\/informacionlocal.es\/en\/wp-json\/wp\/v2\/types\/post"}],"author":[{"embeddable":true,"href":"https:\/\/informacionlocal.es\/en\/wp-json\/wp\/v2\/users\/1"}],"replies":[{"embeddable":true,"href":"https:\/\/informacionlocal.es\/en\/wp-json\/wp\/v2\/comments?post=16606"}],"version-history":[{"count":0,"href":"https:\/\/informacionlocal.es\/en\/wp-json\/wp\/v2\/posts\/16606\/revisions"}],"wp:featuredmedia":[{"embeddable":true,"href":"https:\/\/informacionlocal.es\/en\/wp-json\/wp\/v2\/media\/16608"}],"wp:attachment":[{"href":"https:\/\/informacionlocal.es\/en\/wp-json\/wp\/v2\/media?parent=16606"}],"wp:term":[{"taxonomy":"category","embeddable":true,"href":"https:\/\/informacionlocal.es\/en\/wp-json\/wp\/v2\/categories?post=16606"},{"taxonomy":"post_tag","embeddable":true,"href":"https:\/\/informacionlocal.es\/en\/wp-json\/wp\/v2\/tags?post=16606"}],"curies":[{"name":"wp","href":"https:\/\/api.w.org\/{rel}","templated":true}]}}