{"id":16594,"date":"2026-01-22T16:00:50","date_gmt":"2026-01-22T16:00:50","guid":{"rendered":"https:\/\/informacionlocal.es\/fuerteventura-refuerza-su-conectividad-aerea-directa-en-mercados-estrategicos-para-avanzar-hacia-un-turismo-mas-sostenible-y-de-mayor-calidad\/"},"modified":"2026-01-22T16:00:50","modified_gmt":"2026-01-22T16:00:50","slug":"fuerteventura-refuerza-su-conectividad-aerea-directa-en-mercados-estrategicos-para-avanzar-hacia-un-turismo-mas-sostenible-y-de-mayor-calidad","status":"publish","type":"post","link":"https:\/\/informacionlocal.es\/en\/fuerteventura-refuerza-su-conectividad-aerea-directa-en-mercados-estrategicos-para-avanzar-hacia-un-turismo-mas-sostenible-y-de-mayor-calidad\/","title":{"rendered":"Fuerteventura refuerza su conectividad a\u00e9rea directa en mercados estrat\u00e9gicos para avanzar hacia un turismo m\u00e1s sostenible y de mayor calidad"},"content":{"rendered":"<div class=\"entry-content\"><strong>22 enero, 2026<\/strong><\/p>\n<p><strong><em>La segunda jornada de Fitur centra el<br \/>\nfoco en la consolidaci\u00f3n de la conectividad internacional y la gesti\u00f3n<br \/>\nequilibrada del destino<\/em><\/strong><\/p>\n<p><em><strong>Fitur asiste a las presentaciones de los municipios de Antigua, P\u00e1jara, La Oliva y Puerto del Rosario<\/strong><\/em><\/p>\n<p>Fuerteventura afronta la segunda jornada de<br \/>\nFitur, la principal feria profesional del turismo en Espa\u00f1a, poniendo el acento<br \/>\nen la <strong>consolidaci\u00f3n y<br \/>\nrefuerzo de su conectividad a\u00e9rea directa con mercados estrat\u00e9gicos<\/strong>,<br \/>\nen l\u00ednea con el objetivo insular de avanzar hacia un <strong>modelo tur\u00edstico m\u00e1s equilibrado,<br \/>\nsostenible y con mayor retorno social y econ\u00f3mico para la Isla<\/strong>.<\/p>\n<p>En este contexto, el turoperador Itaka ha<br \/>\nconfirmado el <strong>refuerzo<br \/>\nde su operativa con Fuerteventura desde el mercado polaco<\/strong>, uno<br \/>\nde los emisores estrat\u00e9gicos para el destino, mientras que el grupo brit\u00e1nico<br \/>\nJet2 mantiene su <strong>apuesta<br \/>\nfirme por la Isla dentro de su programaci\u00f3n para 2026<\/strong>,<br \/>\nreforzando la estabilidad del mercado brit\u00e1nico, tradicionalmente vinculado a<br \/>\nFuerteventura.<\/p>\n<p>Los municipios de Antigua, P\u00e1jara, La Oliva y<br \/>\nPuerto del Rosario realizaron asimismo la presentaci\u00f3n de su oferta tur\u00edstica<br \/>\nen el marco de la feria, poniendo en valor productos vinculados al territorio,<br \/>\nla identidad local y la diversificaci\u00f3n de la experiencia tur\u00edstica.<\/p>\n<p>La presidenta del Cabildo de Fuerteventura, <strong>Lola Garc\u00eda<\/strong>, subray\u00f3<br \/>\nla importancia de que \u201cCabildo de Fuerteventura, Patronato de Turismo y<br \/>\nayuntamientos acudamos de forma coordinada a FITUR, con una estrategia com\u00fan<br \/>\ncentrada en <strong>gestionar<br \/>\nmejor el destino<\/strong>, reforzar la calidad de nuestra oferta y<br \/>\nasegurar que el turismo <strong>genere<br \/>\nbeneficios reales para la Isla<\/strong>\u201d.<\/p>\n<p>Garc\u00eda destac\u00f3 que el objetivo es \u201cseguir<br \/>\navanzando hacia un turismo que<strong> genere<br \/>\nempleo local, oportunidades para nuestras pymes y aut\u00f3nomos<\/strong>,<br \/>\ny que contribuya a mejorar la vida de quienes vivimos en Fuerteventura, siempre<br \/>\ndesde el respeto al territorio y a nuestros recursos naturales\u201d.<\/p>\n<p>Por su parte, la consejera de Turismo del<br \/>\nCabildo, <strong>Marlene<br \/>\nFigueroa<\/strong><strong>, <\/strong>explic\u00f3 que \u201cla conectividad a\u00e9rea directa es<br \/>\nuna <strong>herramienta clave de<br \/>\nplanificaci\u00f3n<\/strong><strong>,<\/strong> que nos permite <strong>ordenar los flujos tur\u00edsticos<\/strong><strong>,<br \/>\n<\/strong>trabajar con mercados consolidados y avanzar hacia un modelo basado en la <strong>calidad, la sostenibilidad y la<br \/>\nestabilidad del empleo<\/strong><strong>, <\/strong>m\u00e1s que en el crecimiento<br \/>\ncuantitativo\u201d.<\/p>\n<p>Durante esta segunda jornada de Fitur, el<br \/>\nPatronato de Turismo de Fuerteventura ha mantenido reuniones de trabajo con<br \/>\noperadores y plataformas de referencia como <strong>British Airways, Jumbo Tours, Minube.com, Mondiale<br \/>\nTourism, Viajes El Corte Ingl\u00e9s, Edelweiss Airlines y MasterChef World<\/strong><strong>,<br \/>\n<\/strong>adem\u00e1s de encuentros con <strong>Itaka<br \/>\ny Jet2<\/strong><strong>,<\/strong> y ha asistido a presentaciones de operadores<br \/>\ninternacionales como <strong>EasyJet<br \/>\nAirlines y Nati Tourism<\/strong>.<\/p>\n<p>Asimismo, el Patronato de Turismo ha<br \/>\nacompa\u00f1ado y respaldado las presentaciones de los municipios de <strong>Antigua, P\u00e1jara, La Oliva y Puerto del<br \/>\nRosario<\/strong><strong>,<\/strong> que han mostrado en Fitur sus principales<br \/>\nproductos tur\u00edsticos, vinculados a la singularidad de cada territorio y a una<br \/>\noferta m\u00e1s diversificada y experiencial.<\/p>\n<\/div>\n","protected":false},"excerpt":{"rendered":"<p>22 enero, 2026 La segunda jornada de Fitur centra el foco en la consolidaci\u00f3n de la conectividad internacional y la gesti\u00f3n equilibrada del destino Fitur asiste a las presentaciones de [&hellip;]<\/p>\n","protected":false},"author":1,"featured_media":16596,"comment_status":"open","ping_status":"open","sticky":false,"template":"","format":"standard","meta":{"inline_featured_image":false,"jnews-multi-image_gallery":[],"jnews_single_post":[],"jnews_primary_category":[],"jnews_social_meta":[],"jnews_override_counter":[],"jnews_post_split":[],"footnotes":""},"categories":[58],"tags":[82,65],"class_list":["post-16594","post","type-post","status-publish","format-standard","has-post-thumbnail","hentry","category-cabildo","tag-fuerteventura","tag-municipios"],"jetpack_featured_media_url":"https:\/\/informacionlocal.es\/wp-content\/uploads\/2026\/01\/fitur-2.jpeg","_links":{"self":[{"href":"https:\/\/informacionlocal.es\/en\/wp-json\/wp\/v2\/posts\/16594","targetHints":{"allow":["GET"]}}],"collection":[{"href":"https:\/\/informacionlocal.es\/en\/wp-json\/wp\/v2\/posts"}],"about":[{"href":"https:\/\/informacionlocal.es\/en\/wp-json\/wp\/v2\/types\/post"}],"author":[{"embeddable":true,"href":"https:\/\/informacionlocal.es\/en\/wp-json\/wp\/v2\/users\/1"}],"replies":[{"embeddable":true,"href":"https:\/\/informacionlocal.es\/en\/wp-json\/wp\/v2\/comments?post=16594"}],"version-history":[{"count":0,"href":"https:\/\/informacionlocal.es\/en\/wp-json\/wp\/v2\/posts\/16594\/revisions"}],"wp:featuredmedia":[{"embeddable":true,"href":"https:\/\/informacionlocal.es\/en\/wp-json\/wp\/v2\/media\/16596"}],"wp:attachment":[{"href":"https:\/\/informacionlocal.es\/en\/wp-json\/wp\/v2\/media?parent=16594"}],"wp:term":[{"taxonomy":"category","embeddable":true,"href":"https:\/\/informacionlocal.es\/en\/wp-json\/wp\/v2\/categories?post=16594"},{"taxonomy":"post_tag","embeddable":true,"href":"https:\/\/informacionlocal.es\/en\/wp-json\/wp\/v2\/tags?post=16594"}],"curies":[{"name":"wp","href":"https:\/\/api.w.org\/{rel}","templated":true}]}}