{"id":16582,"date":"2026-01-22T13:03:10","date_gmt":"2026-01-22T13:03:10","guid":{"rendered":"https:\/\/informacionlocal.es\/paisajes-vivos-patrimonio-historico-e-identidad-asi-es-respira-naturaleza-descubre-historia-la-apuesta-de-la-oliva-en-fitur-2026\/"},"modified":"2026-01-22T13:03:10","modified_gmt":"2026-01-22T13:03:10","slug":"paisajes-vivos-patrimonio-historico-e-identidad-asi-es-respira-naturaleza-descubre-historia-la-apuesta-de-la-oliva-en-fitur-2026","status":"publish","type":"post","link":"https:\/\/informacionlocal.es\/en\/paisajes-vivos-patrimonio-historico-e-identidad-asi-es-respira-naturaleza-descubre-historia-la-apuesta-de-la-oliva-en-fitur-2026\/","title":{"rendered":"Paisajes vivos, patrimonio hist\u00f3rico e identidad: As\u00ed es \u2018Respira naturaleza, descubre historia\u2019, la apuesta de La Oliva en FITUR 2026"},"content":{"rendered":"<p>\u00bfQui\u00e9nes somos?, \u00bfDe d\u00f3nde venimos?, \u00bfHacia d\u00f3nde vamos? Las grandes preguntas siguen haci\u00e9ndose hueco entre las cuestiones m\u00e1s indescifrables del ser humano. Sin embargo, La Oliva lo tiene claro. Somos paisaje vivo, venimos de quienes aqu\u00ed nacieron y vivieron y vamos tan lejos cuanto podamos recordar nuestra historia e identidad. <\/p>\n<p>Esta es la apuesta del Ayuntamiento de La Oliva y, en concreto de la Concejal\u00eda de Turismo, con David Fajardo al frente, para FITUR 2026. Con la mirada fija en que el \u00e1rea de turismo es capaz de trascender la habitual proyecci\u00f3n del municipio como destino predilecto por su sol y playa, el Consistorio cambia las reglas del juego pues, desde comienzos de legislatura, se adentra en nuevas perspectivas sobre las que enfocar su promoci\u00f3n como destino tur\u00edstico.<\/p>\n<p>Primero lo demuestra con el binomio Turismo &#8211; Medio Ambiente, despu\u00e9s con el turismo deportivo y ahora logra unir a las anteriores propuestas tambi\u00e9n con el patrimonio hist\u00f3rico. El Ayuntamiento ha sabido ver las posibilidades que ofrece el \u00e1rea tur\u00edstica en favor de otros muchos asuntos, como el cuidado de nuestro territorio, la captaci\u00f3n de visitantes interesados en el \u00e1mbito deportivo y, con esta nueva apuesta, la voluntad de dar a conocer las respuestas a esas grandes preguntas en lo que a La Oliva se refiere. As\u00ed lo ha hecho saber en FITUR 2026, durante su presentaci\u00f3n oficial en el stand de la Asociaci\u00f3n de Municipios Tur\u00edsticos de Canarias (AMTC), donde el municipio pone sobre la mesa su oferta tur\u00edstica complementaria.<\/p>\n<p>En este contexto, Turismo pone en valor nuestra identidad como pueblo, a trav\u00e9s de la rehabilitaci\u00f3n de Bienes de Inter\u00e9s Cultural como el Castillo del Tost\u00f3n y joyas olvidadas que recuerdan la vieja vida del agua como el Centro de Interpretaci\u00f3n Ruta del Agua. Estas infraestructuras se convierten en la oferta tur\u00edstica complementaria perfecta que se fusiona con los atractivos ya conocidos de la casa, consiguiendo reafirmar as\u00ed la frase fervientemente repetida por el Consistorio: \u201cSomos m\u00e1s que sol y playa.\u201d <\/p>\n<p>El alcalde de La Oliva, Isa\u00ed Blanco, destaca la nueva apuesta que complementa los atributos ya conocidos del municipio: \u201cEstas son alternativas al tradicional modelo tur\u00edstico del municipio, una propuesta que ya est\u00e1 logrando generar ingresos que llenan las arcas municipales, retornando de manera directa en el cuidado de nuestro entorno, en la mejora de nuestros espacios y en preservar, en s\u00edntesis, La Oliva. Un complemento perfecto a lo que ya hemos logrado proyectar nacional e internacionalmente, nuestro sol y playa.\u201d<\/p>\n<p>Por su parte, el concejal de Turismo, David Fajardo, pone de manifiesto la trasversalidad de la proyecci\u00f3n tur\u00edstica de La Oliva: \u201cDesde el primer momento hemos tenido claro que el trabajo en Turismo deb\u00eda de ir m\u00e1s all\u00e1. Una proyecci\u00f3n que muestre todo lo que puede ofrecer La Oliva, y no solo sus playas de arena dorada ya conocidas dentro y fuera del pa\u00eds. Ahora ponemos el acento en la identidad e historia de quienes somos y fuimos como pueblo, para captar as\u00ed un turismo de calidad que aprecie tambi\u00e9n nuestra ideosincracia.\u201d<\/p>\n","protected":false},"excerpt":{"rendered":"<p><span>Turismo La Oliva demuestra, una vez m\u00e1s, que el atractivo del municipio va m\u00e1s all\u00e1 de las playas de arena dorada y el buen clima durante todo el a\u00f1o a trav\u00e9s de su presentaci\u00f3n en el stand de la AMTC<\/span><\/p>\n","protected":false},"author":1,"featured_media":16584,"comment_status":"open","ping_status":"open","sticky":false,"template":"","format":"standard","meta":{"inline_featured_image":false,"jnews-multi-image_gallery":[],"jnews_single_post":[],"jnews_primary_category":[],"jnews_social_meta":[],"jnews_override_counter":[],"jnews_post_split":[],"footnotes":""},"categories":[62],"tags":[76,65,377,184],"class_list":["post-16582","post","type-post","status-publish","format-standard","has-post-thumbnail","hentry","category-la-oliva","tag-medio-ambiente","tag-municipios","tag-patrimonio-historico","tag-turismo"],"jetpack_featured_media_url":"https:\/\/informacionlocal.es\/wp-content\/uploads\/2026\/01\/5293_05e6d7c3.png","_links":{"self":[{"href":"https:\/\/informacionlocal.es\/en\/wp-json\/wp\/v2\/posts\/16582","targetHints":{"allow":["GET"]}}],"collection":[{"href":"https:\/\/informacionlocal.es\/en\/wp-json\/wp\/v2\/posts"}],"about":[{"href":"https:\/\/informacionlocal.es\/en\/wp-json\/wp\/v2\/types\/post"}],"author":[{"embeddable":true,"href":"https:\/\/informacionlocal.es\/en\/wp-json\/wp\/v2\/users\/1"}],"replies":[{"embeddable":true,"href":"https:\/\/informacionlocal.es\/en\/wp-json\/wp\/v2\/comments?post=16582"}],"version-history":[{"count":0,"href":"https:\/\/informacionlocal.es\/en\/wp-json\/wp\/v2\/posts\/16582\/revisions"}],"wp:featuredmedia":[{"embeddable":true,"href":"https:\/\/informacionlocal.es\/en\/wp-json\/wp\/v2\/media\/16584"}],"wp:attachment":[{"href":"https:\/\/informacionlocal.es\/en\/wp-json\/wp\/v2\/media?parent=16582"}],"wp:term":[{"taxonomy":"category","embeddable":true,"href":"https:\/\/informacionlocal.es\/en\/wp-json\/wp\/v2\/categories?post=16582"},{"taxonomy":"post_tag","embeddable":true,"href":"https:\/\/informacionlocal.es\/en\/wp-json\/wp\/v2\/tags?post=16582"}],"curies":[{"name":"wp","href":"https:\/\/api.w.org\/{rel}","templated":true}]}}