{"id":16570,"date":"2026-01-22T09:02:24","date_gmt":"2026-01-22T09:02:24","guid":{"rendered":"https:\/\/informacionlocal.es\/el-cabildo-lleva-la-formacion-en-presencia-online-y-optimizacion-digital-a-alumnado-del-ies-puerto-del-rosario\/"},"modified":"2026-01-22T09:02:24","modified_gmt":"2026-01-22T09:02:24","slug":"el-cabildo-lleva-la-formacion-en-presencia-online-y-optimizacion-digital-a-alumnado-del-ies-puerto-del-rosario","status":"publish","type":"post","link":"https:\/\/informacionlocal.es\/en\/el-cabildo-lleva-la-formacion-en-presencia-online-y-optimizacion-digital-a-alumnado-del-ies-puerto-del-rosario\/","title":{"rendered":"El Cabildo lleva la formaci\u00f3n en presencia online y optimizaci\u00f3n digital a alumnado del IES Puerto del Rosario"},"content":{"rendered":"<div class=\"entry-content\"><strong>22 enero, 2026<\/strong><\/p>\n<p><strong><em>El alumnado del Ciclo Superior en Actividades F\u00edsicas y Deportivas<br \/>\nIES Puerto del Rosario recibe esta formaci\u00f3n para aprovechar la tecnolog\u00eda<br \/>\nactual<\/em><\/strong><\/p>\n<p>El Cabildo de Fuerteventura, a trav\u00e9s del \u00e1rea de Nuevas<br \/>\nTecnolog\u00edas, que dirige Carmen Alonso, ha llevado la formaci\u00f3n sobre presencia<br \/>\nonline y optimizaci\u00f3n digital al alumnado del IES Puerto del Rosario. En<br \/>\nconcreto, este taller se imparte a alumnos y alumnas del Ciclo Formativo de<br \/>\nActividades F\u00edsicas y Deportivas, para que puedan aprovechar al m\u00e1ximo las<br \/>\nherramientas digitales.<\/p>\n<p>Seg\u00fan ha indicado Alonso, \u201cdesde el Cabildo queremos acercar las<br \/>\nnuevas tecnolog\u00edas a la ciudadan\u00eda de forma accesible y \u00fatil, impulsando la<br \/>\ninnovaci\u00f3n y la democratizaci\u00f3n del conocimiento digital. Apostamos por<br \/>\nfacilitar a j\u00f3venes, el acceso a estas herramientas, de modo que puedan<br \/>\ndesarrollar su creatividad y mejorar su presencia digital\u201d.<\/p>\n<p>Esta iniciativa se enmarca en la estrategia del Cabildo de<br \/>\nFuerteventura para impulsar la capacitaci\u00f3n digital y el desarrollo del talento<br \/>\nlocal, alineada con los objetivos del Fondo de Desarrollo de Canarias (FDCAN),<br \/>\norientados al fortalecimiento de la competitividad y el crecimiento sostenible<br \/>\nde la isla.<\/p>\n<\/div>\n","protected":false},"excerpt":{"rendered":"<p>22 enero, 2026 El alumnado del Ciclo Superior en Actividades F\u00edsicas y Deportivas IES Puerto del Rosario recibe esta formaci\u00f3n para aprovechar la tecnolog\u00eda actual El Cabildo de Fuerteventura, a [&hellip;]<\/p>\n","protected":false},"author":1,"featured_media":16572,"comment_status":"open","ping_status":"open","sticky":false,"template":"","format":"standard","meta":{"inline_featured_image":false,"jnews-multi-image_gallery":[],"jnews_single_post":[],"jnews_primary_category":[],"jnews_social_meta":[],"jnews_override_counter":[],"jnews_post_split":[],"footnotes":""},"categories":[58],"tags":[82,401],"class_list":["post-16570","post","type-post","status-publish","format-standard","has-post-thumbnail","hentry","category-cabildo","tag-fuerteventura","tag-tecnologia"],"jetpack_featured_media_url":"https:\/\/informacionlocal.es\/wp-content\/uploads\/2026\/01\/taller-digital-3.jpeg","_links":{"self":[{"href":"https:\/\/informacionlocal.es\/en\/wp-json\/wp\/v2\/posts\/16570","targetHints":{"allow":["GET"]}}],"collection":[{"href":"https:\/\/informacionlocal.es\/en\/wp-json\/wp\/v2\/posts"}],"about":[{"href":"https:\/\/informacionlocal.es\/en\/wp-json\/wp\/v2\/types\/post"}],"author":[{"embeddable":true,"href":"https:\/\/informacionlocal.es\/en\/wp-json\/wp\/v2\/users\/1"}],"replies":[{"embeddable":true,"href":"https:\/\/informacionlocal.es\/en\/wp-json\/wp\/v2\/comments?post=16570"}],"version-history":[{"count":0,"href":"https:\/\/informacionlocal.es\/en\/wp-json\/wp\/v2\/posts\/16570\/revisions"}],"wp:featuredmedia":[{"embeddable":true,"href":"https:\/\/informacionlocal.es\/en\/wp-json\/wp\/v2\/media\/16572"}],"wp:attachment":[{"href":"https:\/\/informacionlocal.es\/en\/wp-json\/wp\/v2\/media?parent=16570"}],"wp:term":[{"taxonomy":"category","embeddable":true,"href":"https:\/\/informacionlocal.es\/en\/wp-json\/wp\/v2\/categories?post=16570"},{"taxonomy":"post_tag","embeddable":true,"href":"https:\/\/informacionlocal.es\/en\/wp-json\/wp\/v2\/tags?post=16570"}],"curies":[{"name":"wp","href":"https:\/\/api.w.org\/{rel}","templated":true}]}}