{"id":16550,"date":"2026-01-21T22:59:52","date_gmt":"2026-01-21T22:59:52","guid":{"rendered":"https:\/\/informacionlocal.es\/la-oliva-sigue-apostando-por-el-deporte-en-fitur-dentro-y-fuera-de-ifema\/"},"modified":"2026-01-21T22:59:52","modified_gmt":"2026-01-21T22:59:52","slug":"la-oliva-sigue-apostando-por-el-deporte-en-fitur-dentro-y-fuera-de-ifema","status":"publish","type":"post","link":"https:\/\/informacionlocal.es\/en\/la-oliva-sigue-apostando-por-el-deporte-en-fitur-dentro-y-fuera-de-ifema\/","title":{"rendered":"La Oliva sigue apostando por el deporte en FITUR dentro y fuera de IFEMA"},"content":{"rendered":"<p>El deporte en La Oliva ya es un estilo de vida. Instalaciones renovadas, eventos deportivos durante todo el a\u00f1o y un paisaje sin igual son algunos de los motivos que hacen que sea este y no otro el lugar escogido para disfrutar de la actividad f\u00edsica no solo de locales, sino tambi\u00e9n visitantes de la isla de Fuerteventura. Bajo esta premisa trabaja el Ayuntamiento de La Oliva, a trav\u00e9s de la Concejal\u00eda de Deportes, con Gleiber Carre\u00f1o al frente, una promoci\u00f3n que va m\u00e1s all\u00e1 del destino, del sol y la playa para entrar en juego uno de los sectores con mayor actividad de todo el municipio, el deporte. <\/p>\n<p>As\u00ed lo ha hecho saber en el 2025, con su primera puesta en escena en el marco de FITUR, poniendo al municipio del norte bajo la mirada del sector tur\u00edstico internacional con la primera presentaci\u00f3n oficial en FITUR Sports y un evento centrado en la captaci\u00f3n de embajadores deportivos que muestren el encanto propio del norte de la Isla.  <\/p>\n<p>Tras el \u00e9xito de esta propuesta que pretende expandir el horizonte de posibilidades que ofrece la propia feria, Deportes de La Oliva vuelve a poner el acento de su promoci\u00f3n en un evento en el marco de FITUR pero fuera de IFEMA. El objetivo es continuar con el precepto marcado el a\u00f1o pasado y apostar por la captaci\u00f3n de deportistas y otras personalidades destacadas del panorama nacional e internacional como el oro ol\u00edmpico, Ruth Beitia, el jugador de rugby nacional, Manu Moreno y equipos como Los Titanes de Madrid o Megavoltios Club en la tienda \u2018Sneakz\u2019 del youtuber Byre, para convertirlos en embajadores del estilo de vida propio del municipio. <\/p>\n<p>El alcalde de La Oliva, Isa\u00ed Blanco, destaca la apuesta del Consistorio por alternativa con la que complementar : \u201cUn a\u00f1o m\u00e1s queremos sacar el m\u00e1ximo provecho al encuentro anual en FITUR, por lo que decidimos continuar con este encuentro externo a IFEMA. El binomio turismo deportivo sigue siendo uno de los principales atractivos de nuestro municipio y, con esta captaci\u00f3n de embajadores del sector del deporte buscamos llegar a otros p\u00fablicos que no hemos conseguido alcanzar con la tradicional promoci\u00f3n que se ha venido haciendo hasta la fecha.\u201d<\/p>\n<p>Por su parte, la concejala de Deportes, Gleiber Carre\u00f1o, explica la oportunidad que ofrece el marco de la feria para desarrollar este evento: \u201cM\u00e1s all\u00e1 de la habitual presentaci\u00f3n de carteles y entrevistas desarrolladas dentro del propio IFEMA, aprovechamos el marco de FITUR para continuar con la promoci\u00f3n del destino a un sector m\u00e1s especializado. Este encuentro busca eso mismo, dar a conocer el deporte de La Oliva de una forma distinta, tratando de buscar nuevos embajadores de la actividad f\u00edsica que se desarrolla en nuestro municipio y expandir as\u00ed, el atractivo deportivo entre visitantes tanto nacionales como internacionales.\u201d<\/p>\n","protected":false},"excerpt":{"rendered":"<p><span>Tras el \u00e9xito de esta propuesta en la anterior edici\u00f3n de FITUR , La Oliva continua expandiendo los horizontes del sol, playa y actividad f\u00edsica propios del norte de Fuerteventura dentro y fuera de IFEMA con deportistas de \u00e9lite como Ruth Beitia, Manu Moreno y Los Titanes de Rugby Madrid entre otros en la famosa tienda \u2018Sneakz\u2019 del youtuber Byre<\/span><\/p>\n","protected":false},"author":1,"featured_media":16552,"comment_status":"open","ping_status":"open","sticky":false,"template":"","format":"standard","meta":{"inline_featured_image":false,"jnews-multi-image_gallery":[],"jnews_single_post":[],"jnews_primary_category":[],"jnews_social_meta":[],"jnews_override_counter":[],"jnews_post_split":[],"footnotes":""},"categories":[62],"tags":[69,82],"class_list":["post-16550","post","type-post","status-publish","format-standard","has-post-thumbnail","hentry","category-la-oliva","tag-eventos","tag-fuerteventura"],"jetpack_featured_media_url":"https:\/\/informacionlocal.es\/wp-content\/uploads\/2026\/01\/5292_ca8278da.png","_links":{"self":[{"href":"https:\/\/informacionlocal.es\/en\/wp-json\/wp\/v2\/posts\/16550","targetHints":{"allow":["GET"]}}],"collection":[{"href":"https:\/\/informacionlocal.es\/en\/wp-json\/wp\/v2\/posts"}],"about":[{"href":"https:\/\/informacionlocal.es\/en\/wp-json\/wp\/v2\/types\/post"}],"author":[{"embeddable":true,"href":"https:\/\/informacionlocal.es\/en\/wp-json\/wp\/v2\/users\/1"}],"replies":[{"embeddable":true,"href":"https:\/\/informacionlocal.es\/en\/wp-json\/wp\/v2\/comments?post=16550"}],"version-history":[{"count":0,"href":"https:\/\/informacionlocal.es\/en\/wp-json\/wp\/v2\/posts\/16550\/revisions"}],"wp:featuredmedia":[{"embeddable":true,"href":"https:\/\/informacionlocal.es\/en\/wp-json\/wp\/v2\/media\/16552"}],"wp:attachment":[{"href":"https:\/\/informacionlocal.es\/en\/wp-json\/wp\/v2\/media?parent=16550"}],"wp:term":[{"taxonomy":"category","embeddable":true,"href":"https:\/\/informacionlocal.es\/en\/wp-json\/wp\/v2\/categories?post=16550"},{"taxonomy":"post_tag","embeddable":true,"href":"https:\/\/informacionlocal.es\/en\/wp-json\/wp\/v2\/tags?post=16550"}],"curies":[{"name":"wp","href":"https:\/\/api.w.org\/{rel}","templated":true}]}}