{"id":16498,"date":"2026-01-21T11:02:22","date_gmt":"2026-01-21T11:02:22","guid":{"rendered":"https:\/\/informacionlocal.es\/el-ayuntamiento-de-puerto-del-rosario-inicia-los-trabajos-de-impermeabilizacion-del-pabellon-oasis\/"},"modified":"2026-01-21T11:02:22","modified_gmt":"2026-01-21T11:02:22","slug":"el-ayuntamiento-de-puerto-del-rosario-inicia-los-trabajos-de-impermeabilizacion-del-pabellon-oasis","status":"publish","type":"post","link":"https:\/\/informacionlocal.es\/en\/el-ayuntamiento-de-puerto-del-rosario-inicia-los-trabajos-de-impermeabilizacion-del-pabellon-oasis\/","title":{"rendered":"El Ayuntamiento de Puerto del Rosario inicia los trabajos de impermeabilizaci\u00f3n del Pabell\u00f3n Oasis"},"content":{"rendered":"<div class=\"entry-content\">\n<ul>\n<li><span><strong>La actuaci\u00f3n permitir\u00e1 poner fin a las filtraciones en la cubierta y mejorar las condiciones de una instalaci\u00f3n clave para el deporte municipal.<\/strong><\/span><strong>\u00a0<\/strong><\/li>\n<\/ul>\n<p><span><strong>En Puerto del Rosario, a 21 de enero de 2026.-<\/strong> El Ayuntamiento de Puerto del Rosario ha iniciado los trabajos de impermeabilizaci\u00f3n del Pabell\u00f3n Oasis, una intervenci\u00f3n de car\u00e1cter correctivo destinada a solucionar los problemas de goteras que ven\u00eda presentando la cubierta de esta instalaci\u00f3n deportiva municipal.<\/span><\/p>\n<p><span>Los trabajos est\u00e1n siendo ejecutados por personal de mantenimiento especializado en trabajos en altura y cuentan con un plazo de ejecuci\u00f3n aproximado de una semana. Se trata de una actuaci\u00f3n necesaria para garantizar el correcto uso del pabell\u00f3n, especialmente en una \u00e9poca en la que las condiciones meteorol\u00f3gicas hacen m\u00e1s evidentes este tipo de deficiencias.<\/span><\/p>\n<p><img loading=\"lazy\" decoding=\"async\" loading=\"lazy\" class=\"size-large wp-image-158222 aligncenter\" src=\"https:\/\/informacionlocal.es\/wp-content\/uploads\/2026\/01\/impermeabilizacion-oasis-576x1024-1.jpeg\" width=\"576\" height=\"1024\" title=\"impermeabilizacion-oasis-576x1024-1\"><\/p>\n<p><span>El alcalde de Puerto del Rosario, David de Vera, destac\u00f3 que \u201cseguimos actuando para dar respuesta a problemas concretos de nuestras instalaciones municipales. Este tipo de trabajos, aunque no siempre se ven, son fundamentales para mantener en condiciones adecuadas los espacios p\u00fablicos que utilizan a diario nuestros vecinos y vecinas, en este caso vinculados al deporte\u201d.<\/span><\/p>\n<p><span>El concejal de Deportes, Luis Chac\u00f3n, se\u00f1al\u00f3 que \u201cesta intervenci\u00f3n era prioritaria, porque somos conscientes de las molestias que las goteras estaban generando tanto a los clubes como a las personas usuarias del pabell\u00f3n. La verdad es que hablamos de una instalaci\u00f3n muy utilizada, y nuestro objetivo es que pueda desarrollarse la actividad deportiva con normalidad y seguridad\u201d.<\/span><\/p>\n<p><span>Desde el Ayuntamiento de Puerto del Rosario se agradece la comprensi\u00f3n de los usuarios durante el desarrollo de los trabajos.<\/span><\/p>\n<\/div>\n","protected":false},"excerpt":{"rendered":"<p>La actuaci\u00f3n permitir\u00e1 poner fin a las filtraciones en la cubierta y mejorar las condiciones de una instalaci\u00f3n clave para el deporte municipal.\u00a0 En Puerto del Rosario, a 21 de [&hellip;]<\/p>\n","protected":false},"author":1,"featured_media":16500,"comment_status":"open","ping_status":"open","sticky":false,"template":"","format":"standard","meta":{"inline_featured_image":false,"jnews-multi-image_gallery":[],"jnews_single_post":[],"jnews_primary_category":[],"jnews_social_meta":[],"jnews_override_counter":[],"jnews_post_split":[],"footnotes":""},"categories":[61],"tags":[],"class_list":["post-16498","post","type-post","status-publish","format-standard","has-post-thumbnail","hentry","category-puerto-del-rosario"],"jetpack_featured_media_url":"https:\/\/informacionlocal.es\/wp-content\/uploads\/2026\/01\/pabellon-oasis.png","_links":{"self":[{"href":"https:\/\/informacionlocal.es\/en\/wp-json\/wp\/v2\/posts\/16498","targetHints":{"allow":["GET"]}}],"collection":[{"href":"https:\/\/informacionlocal.es\/en\/wp-json\/wp\/v2\/posts"}],"about":[{"href":"https:\/\/informacionlocal.es\/en\/wp-json\/wp\/v2\/types\/post"}],"author":[{"embeddable":true,"href":"https:\/\/informacionlocal.es\/en\/wp-json\/wp\/v2\/users\/1"}],"replies":[{"embeddable":true,"href":"https:\/\/informacionlocal.es\/en\/wp-json\/wp\/v2\/comments?post=16498"}],"version-history":[{"count":0,"href":"https:\/\/informacionlocal.es\/en\/wp-json\/wp\/v2\/posts\/16498\/revisions"}],"wp:featuredmedia":[{"embeddable":true,"href":"https:\/\/informacionlocal.es\/en\/wp-json\/wp\/v2\/media\/16500"}],"wp:attachment":[{"href":"https:\/\/informacionlocal.es\/en\/wp-json\/wp\/v2\/media?parent=16498"}],"wp:term":[{"taxonomy":"category","embeddable":true,"href":"https:\/\/informacionlocal.es\/en\/wp-json\/wp\/v2\/categories?post=16498"},{"taxonomy":"post_tag","embeddable":true,"href":"https:\/\/informacionlocal.es\/en\/wp-json\/wp\/v2\/tags?post=16498"}],"curies":[{"name":"wp","href":"https:\/\/api.w.org\/{rel}","templated":true}]}}