{"id":16448,"date":"2026-01-19T23:02:45","date_gmt":"2026-01-19T23:02:45","guid":{"rendered":"https:\/\/informacionlocal.es\/puerto-del-rosario-impulsa-la-voz-que-recuerda-un-espacio-de-encuentro-y-empoderamiento-para-mujeres\/"},"modified":"2026-01-19T23:02:45","modified_gmt":"2026-01-19T23:02:45","slug":"puerto-del-rosario-impulsa-la-voz-que-recuerda-un-espacio-de-encuentro-y-empoderamiento-para-mujeres","status":"publish","type":"post","link":"https:\/\/informacionlocal.es\/en\/puerto-del-rosario-impulsa-la-voz-que-recuerda-un-espacio-de-encuentro-y-empoderamiento-para-mujeres\/","title":{"rendered":"Puerto del Rosario impulsa \u201cLa Voz que Recuerda\u201d, un espacio de encuentro y empoderamiento para mujeres"},"content":{"rendered":"<div class=\"entry-content\">\n<ul>\n<li><strong>El proyecto, financiado a trav\u00e9s del Pacto de Estado, se desarrollar\u00e1 de enero a junio con encuentros mensuales gratuitos centrados en la palabra, la memoria y la expresi\u00f3n compartida<\/strong><strong>\u00a0<\/strong><\/li>\n<\/ul>\n<p><strong>En Puerto del Rosario, a 19 de enero de 2026.-<\/strong> El Ayuntamiento de Puerto del Rosario pone en marcha el proyecto \u201cLa Voz que Recuerda\u201d, una propuesta de talleres vivenciales dirigida a mujeres del municipio que busca crear un espacio seguro de escucha, expresi\u00f3n y acompa\u00f1amiento a partir de las vivencias personales y colectivas.<\/p>\n<p>El programa se desarrollar\u00e1 entre los meses de enero y junio de 2026, con un encuentro mensual, siempre en lunes, en horario de 17:00 a 20:00 horas. El primer encuentro tendr\u00e1 lugar el 26 de enero, marcando el inicio de un proceso que se extender\u00e1 durante seis sesiones consecutivas hasta el mes de junio.<\/p>\n<p><img loading=\"lazy\" decoding=\"async\" loading=\"lazy\" class=\"size-large wp-image-158190 aligncenter\" src=\"https:\/\/informacionlocal.es\/wp-content\/uploads\/2026\/01\/portada-la-voz-que-recuerda-3-724x1024-1.png\" width=\"724\" height=\"1024\" title=\"portada-la-voz-que-recuerda-3-724x1024-1\"><\/p>\n<p>El alcalde de Puerto del Rosario, David de Vera, destac\u00f3 la importancia de este tipo de iniciativas se\u00f1alando que \u201cdesde el Ayuntamiento seguimos apostando por proyectos que ponen a las personas en el centro, y especialmente a las mujeres, generando espacios donde puedan expresarse, compartir y fortalecerse desde lo vivido. \u2018La Voz que Recuerda\u2019 es un ejemplo claro de c\u00f3mo las pol\u00edticas de igualdad pueden traducirse en acciones reales y cercanas\u201d.<\/p>\n<p>Por su parte, la concejala de Igualdad, Diversidad y LGTBI, Tacoremi Guti\u00e9rrez, subray\u00f3 el car\u00e1cter transformador del proyecto, \u201ceste espacio nace para que las mujeres no tengan que explicarse ni justificarse, sino simplemente escucharse. Durante estos encuentros se trabajar\u00e1 la palabra viva, el cuerpo y la memoria como herramientas de cuidado, empoderamiento y reconstrucci\u00f3n personal y colectiva\u201d. Adem\u00e1s, a\u00f1adi\u00f3 que \u201ces un proceso abierto, gratuito y profundamente humano, pensado para acompa\u00f1ar y sostener\u201d.<\/p>\n<p><img loading=\"lazy\" decoding=\"async\" loading=\"lazy\" class=\"size-large wp-image-158191 aligncenter\" src=\"https:\/\/informacionlocal.es\/wp-content\/uploads\/2026\/01\/copias-portadas-para-sol-576x1024-1.jpg\" width=\"576\" height=\"1024\" title=\"copias-portadas-para-sol-576x1024-1\"><\/p>\n<p>\u201cLa Voz que Recuerda\u201d propone un recorrido de seis encuentros en los que las participantes podr\u00e1n transformar sus vivencias en palabra, tejiendo relatos que despiertan, acompa\u00f1an y sostienen, a trav\u00e9s de din\u00e1micas corporales y de expresi\u00f3n creativa. El proyecto se suma as\u00ed a las iniciativas municipales orientadas a promover la igualdad, la diversidad y el empoderamiento de las mujeres en la comunidad.<\/p>\n<p>Las inscripciones ya est\u00e1n abiertas y se realizan exclusivamente por WhatsApp en el n\u00famero 672 121 699. La participaci\u00f3n es gratuita y las plazas son limitadas.<\/p>\n<p>Este proyecto est\u00e1 financiado por la Concejal\u00eda de Igualdad, Diversidad y LGTBI del Ayuntamiento de Puerto del Rosario, a trav\u00e9s de los fondos del Pacto de Estado contra la Violencia de G\u00e9nero, reforzando el compromiso municipal con pol\u00edticas p\u00fablicas que cuidan, acompa\u00f1an y generan comunidad.<\/p>\n<\/div>\n","protected":false},"excerpt":{"rendered":"<p>El proyecto, financiado a trav\u00e9s del Pacto de Estado, se desarrollar\u00e1 de enero a junio con encuentros mensuales gratuitos centrados en la palabra, la memoria y la expresi\u00f3n compartida\u00a0 En [&hellip;]<\/p>\n","protected":false},"author":1,"featured_media":16450,"comment_status":"open","ping_status":"open","sticky":false,"template":"","format":"standard","meta":{"inline_featured_image":false,"jnews-multi-image_gallery":[],"jnews_single_post":[],"jnews_primary_category":[],"jnews_social_meta":[],"jnews_override_counter":[],"jnews_post_split":[],"footnotes":""},"categories":[61],"tags":[],"class_list":["post-16448","post","type-post","status-publish","format-standard","has-post-thumbnail","hentry","category-puerto-del-rosario"],"jetpack_featured_media_url":"https:\/\/informacionlocal.es\/wp-content\/uploads\/2026\/01\/la-voz-que-recuerda.png","_links":{"self":[{"href":"https:\/\/informacionlocal.es\/en\/wp-json\/wp\/v2\/posts\/16448","targetHints":{"allow":["GET"]}}],"collection":[{"href":"https:\/\/informacionlocal.es\/en\/wp-json\/wp\/v2\/posts"}],"about":[{"href":"https:\/\/informacionlocal.es\/en\/wp-json\/wp\/v2\/types\/post"}],"author":[{"embeddable":true,"href":"https:\/\/informacionlocal.es\/en\/wp-json\/wp\/v2\/users\/1"}],"replies":[{"embeddable":true,"href":"https:\/\/informacionlocal.es\/en\/wp-json\/wp\/v2\/comments?post=16448"}],"version-history":[{"count":0,"href":"https:\/\/informacionlocal.es\/en\/wp-json\/wp\/v2\/posts\/16448\/revisions"}],"wp:featuredmedia":[{"embeddable":true,"href":"https:\/\/informacionlocal.es\/en\/wp-json\/wp\/v2\/media\/16450"}],"wp:attachment":[{"href":"https:\/\/informacionlocal.es\/en\/wp-json\/wp\/v2\/media?parent=16448"}],"wp:term":[{"taxonomy":"category","embeddable":true,"href":"https:\/\/informacionlocal.es\/en\/wp-json\/wp\/v2\/categories?post=16448"},{"taxonomy":"post_tag","embeddable":true,"href":"https:\/\/informacionlocal.es\/en\/wp-json\/wp\/v2\/tags?post=16448"}],"curies":[{"name":"wp","href":"https:\/\/api.w.org\/{rel}","templated":true}]}}