{"id":16442,"date":"2026-01-19T22:00:50","date_gmt":"2026-01-19T22:00:50","guid":{"rendered":"https:\/\/informacionlocal.es\/antigua-felicita-a-jose-carlos-prieto-por-ser-reconocido-nuevamente-como-mejor-cortador-de-jamon-del-mundo-2026\/"},"modified":"2026-01-19T22:00:50","modified_gmt":"2026-01-19T22:00:50","slug":"antigua-felicita-a-jose-carlos-prieto-por-ser-reconocido-nuevamente-como-mejor-cortador-de-jamon-del-mundo-2026","status":"publish","type":"post","link":"https:\/\/informacionlocal.es\/en\/antigua-felicita-a-jose-carlos-prieto-por-ser-reconocido-nuevamente-como-mejor-cortador-de-jamon-del-mundo-2026\/","title":{"rendered":"Antigua felicita a Jos\u00e9 Carlos Prieto por ser reconocido nuevamente como Mejor Cortador de Jam\u00f3n del Mundo 2026"},"content":{"rendered":"<div class=\"elementor-widget-container\">\n<p><strong>Antigua felicita a Jos\u00e9 Carlos Prieto por ser reconocido nuevamente como Mejor Cortador de Jam\u00f3n del Mundo 2026<\/strong><\/p>\n<p><strong>\u2022 Jos\u00e9 Carlos Prieto, vecino de Caleta de Fuste y habitual colaborador en eventos p\u00fablicos o tur\u00edsticos en la isla, consolida su posici\u00f3n como referente internacional del sector gastron\u00f3mico.<\/strong><\/p>\n<p><strong>\u2022 El alcalde felicita a Jos\u00e9 Carlos Prieto, dos veces reconocido por Official World Record &amp; World Record Luxury, en el a\u00f1o 2023 y 2026, como Mejor Cortador de Jam\u00f3n del Mundo.<\/strong><\/p>\n<p>El alcalde de Antigua, Mat\u00edas Pe\u00f1a Garc\u00eda en nombre de toda la Corporaci\u00f3n Municipal, felicita el reconocimiento oficial concedido por segunda vez desde la Official World Record &amp; World Record Luxury, a Jos\u00e9 Carlos Prieto como Mejor cortador de Jam\u00f3n del mundo.<\/p>\n<p>Un maestro en el corte de jam\u00f3n, afirma el alcalde, Mat\u00edas Pe\u00f1a, que adem\u00e1s de un gran profesional es una magn\u00edfica persona, siempre cercano y colaborador, afirma el alcalde. En el mismo sentido se refiere, la Organizaci\u00f3n Internacional destacando en su reconocimiento la excelencia t\u00e9cnica, as\u00ed como sus valores profesionales, empresariales y humanos, cualidades que lo diferencian de manera sobresaliente.<\/p>\n<p>Este nuevo galard\u00f3n se suma al reconocimiento obtenido en 2023, reafirmando una trayectoria marcada por la constancia, profesionalidad y compromiso con la calidad en el arte del corte de jam\u00f3n, a\u00f1ade la Official World Record &amp; World Record Luxury, instituciones internacionales dedicadas a reconocer trayectorias de alto impacto.<\/p>\n<p>Jos\u00e9 Carlos Prieto Bautista es un maestro cortador de jam\u00f3n con una amplia trayectoria. Su t\u00e9cnica depurada, conocimiento del producto y su capacidad para transmitir la cultura del jam\u00f3n lo han convertido en un referente mundial.<\/p>\n<p>En su discurso de agradecimiento, Prieto expres\u00f3 su gratitud, manifestando que su mayor satisfacci\u00f3n es que las personas queden contentas con el servicio prestado, siempre desde la humildad y el aprendizaje continuo.<\/p>\n<p>\u00a0<\/p>\n<\/div>\n","protected":false},"excerpt":{"rendered":"<p><strong>Antigua felicita a Jos\u00e9 Carlos Prieto por ser reconocido nuevamente como Mejor Cortador de Jam\u00f3n del Mundo 2026<\/strong><\/p>\n","protected":false},"author":1,"featured_media":16444,"comment_status":"open","ping_status":"open","sticky":false,"template":"","format":"standard","meta":{"inline_featured_image":false,"jnews-multi-image_gallery":[],"jnews_single_post":[],"jnews_primary_category":[],"jnews_social_meta":[],"jnews_override_counter":[],"jnews_post_split":[],"footnotes":""},"categories":[59],"tags":[69],"class_list":["post-16442","post","type-post","status-publish","format-standard","has-post-thumbnail","hentry","category-antigua","tag-eventos"],"jetpack_featured_media_url":"https:\/\/informacionlocal.es\/wp-content\/uploads\/2026\/01\/whatsapp-image-2026-01-17-at-19-40-0.jpeg","_links":{"self":[{"href":"https:\/\/informacionlocal.es\/en\/wp-json\/wp\/v2\/posts\/16442","targetHints":{"allow":["GET"]}}],"collection":[{"href":"https:\/\/informacionlocal.es\/en\/wp-json\/wp\/v2\/posts"}],"about":[{"href":"https:\/\/informacionlocal.es\/en\/wp-json\/wp\/v2\/types\/post"}],"author":[{"embeddable":true,"href":"https:\/\/informacionlocal.es\/en\/wp-json\/wp\/v2\/users\/1"}],"replies":[{"embeddable":true,"href":"https:\/\/informacionlocal.es\/en\/wp-json\/wp\/v2\/comments?post=16442"}],"version-history":[{"count":0,"href":"https:\/\/informacionlocal.es\/en\/wp-json\/wp\/v2\/posts\/16442\/revisions"}],"wp:featuredmedia":[{"embeddable":true,"href":"https:\/\/informacionlocal.es\/en\/wp-json\/wp\/v2\/media\/16444"}],"wp:attachment":[{"href":"https:\/\/informacionlocal.es\/en\/wp-json\/wp\/v2\/media?parent=16442"}],"wp:term":[{"taxonomy":"category","embeddable":true,"href":"https:\/\/informacionlocal.es\/en\/wp-json\/wp\/v2\/categories?post=16442"},{"taxonomy":"post_tag","embeddable":true,"href":"https:\/\/informacionlocal.es\/en\/wp-json\/wp\/v2\/tags?post=16442"}],"curies":[{"name":"wp","href":"https:\/\/api.w.org\/{rel}","templated":true}]}}