{"id":16306,"date":"2026-01-16T20:01:30","date_gmt":"2026-01-16T20:01:30","guid":{"rendered":"https:\/\/informacionlocal.es\/lola-garcia-muestra-su-apoyo-a-las-cofradias-de-pescadores-ante-la-nueva-normativa-europea-que-afecta-a-la-pesca-artesanal-de-las-islas\/"},"modified":"2026-01-16T20:01:30","modified_gmt":"2026-01-16T20:01:30","slug":"lola-garcia-muestra-su-apoyo-a-las-cofradias-de-pescadores-ante-la-nueva-normativa-europea-que-afecta-a-la-pesca-artesanal-de-las-islas","status":"publish","type":"post","link":"https:\/\/informacionlocal.es\/en\/lola-garcia-muestra-su-apoyo-a-las-cofradias-de-pescadores-ante-la-nueva-normativa-europea-que-afecta-a-la-pesca-artesanal-de-las-islas\/","title":{"rendered":"Lola Garc\u00eda muestra su apoyo a las cofrad\u00edas de pescadores ante la nueva normativa europea que afecta a la pesca artesanal de las islas"},"content":{"rendered":"<div class=\"entry-content\"><strong>16 enero, 2026<\/strong><\/p>\n<p><em><strong>\u201cDesde el Cabildo de Fuerteventura nos situamos del lado de los profesionales de la pesca y pedimos al Ministerio que atienda sus demandas e interceda ante la Comisi\u00f3n Europea\u201d<\/strong><\/em><\/p>\n<p>La presidenta del Cabildo de Fuerteventura, Lola Garc\u00eda, expresa su apoyo las cofrad\u00edas de pescadores de Fuerteventura, en particular, y de Canarias, en general, quienes han mostrado su rechazo a la reciente modificaci\u00f3n del Reglamento de Control Pesquero de la Uni\u00f3n Europea. Unas medidas que, seg\u00fan advierten, pone en peligro la supervivencia de la pesca artesanal y costera, que es el sustento de muchas familias en el Archipi\u00e9lago.<\/p>\n<p>La Federaci\u00f3n Regional de Cofrad\u00edas de Pescadores, as\u00ed como las federaciones provinciales, han denunciado que el Reglamento (UE) 2023\/2842 impone obligaciones que ponen en peligro la viabilidad de la flota de bajura y costera, que centra la mayor parte de la actividad de la flota canaria.<\/p>\n<p>Seg\u00fan denuncian las cofrad\u00edas en un comunicado, esta modificaci\u00f3n del reglamento establece medidas controvertidas como la imposici\u00f3n de un preaviso de llegada a puerto de cuatro horas para embarcaciones que faenan a pocos minutos de la costa y la exigencia de registrar capturas desde el \u2018kilogramo cero\u2019, lo que genera inseguridad jur\u00eddica e incrementa el riesgo de accidentes, afectando, incluso, a la seguridad mar\u00edtima.<\/p>\n<p>Unas medidas que, seg\u00fan alerta la presidenta insular, \u201cdemuestran un desconocimiento total de la realidad de nuestro sector pesquero tradicional y de proximidad\u201d Por este motivo, \u201cdesde el Cabildo de Fuerteventura nos situamos, como siempre, del lado de los profesionales del sector y pedimos al Ministerio de Agricultura, Pesca y Alimentaci\u00f3n que atienda estas demandas y defienda al sector pesquero ante la Comisi\u00f3n Europea para poner fin a este atropello a la pesca artesanal y costera de Canarias\u201d.<\/p>\n<\/div>\n","protected":false},"excerpt":{"rendered":"<p>16 enero, 2026 \u201cDesde el Cabildo de Fuerteventura nos situamos del lado de los profesionales de la pesca y pedimos al Ministerio que atienda sus demandas e interceda ante la [&hellip;]<\/p>\n","protected":false},"author":1,"featured_media":16308,"comment_status":"open","ping_status":"open","sticky":false,"template":"","format":"standard","meta":{"inline_featured_image":false,"jnews-multi-image_gallery":[],"jnews_single_post":[],"jnews_primary_category":[],"jnews_social_meta":[],"jnews_override_counter":[],"jnews_post_split":[],"footnotes":""},"categories":[58],"tags":[82],"class_list":["post-16306","post","type-post","status-publish","format-standard","has-post-thumbnail","hentry","category-cabildo","tag-fuerteventura"],"jetpack_featured_media_url":"https:\/\/informacionlocal.es\/wp-content\/uploads\/2026\/01\/20251031_pleno_cabildo-26.jpg","_links":{"self":[{"href":"https:\/\/informacionlocal.es\/en\/wp-json\/wp\/v2\/posts\/16306","targetHints":{"allow":["GET"]}}],"collection":[{"href":"https:\/\/informacionlocal.es\/en\/wp-json\/wp\/v2\/posts"}],"about":[{"href":"https:\/\/informacionlocal.es\/en\/wp-json\/wp\/v2\/types\/post"}],"author":[{"embeddable":true,"href":"https:\/\/informacionlocal.es\/en\/wp-json\/wp\/v2\/users\/1"}],"replies":[{"embeddable":true,"href":"https:\/\/informacionlocal.es\/en\/wp-json\/wp\/v2\/comments?post=16306"}],"version-history":[{"count":0,"href":"https:\/\/informacionlocal.es\/en\/wp-json\/wp\/v2\/posts\/16306\/revisions"}],"wp:featuredmedia":[{"embeddable":true,"href":"https:\/\/informacionlocal.es\/en\/wp-json\/wp\/v2\/media\/16308"}],"wp:attachment":[{"href":"https:\/\/informacionlocal.es\/en\/wp-json\/wp\/v2\/media?parent=16306"}],"wp:term":[{"taxonomy":"category","embeddable":true,"href":"https:\/\/informacionlocal.es\/en\/wp-json\/wp\/v2\/categories?post=16306"},{"taxonomy":"post_tag","embeddable":true,"href":"https:\/\/informacionlocal.es\/en\/wp-json\/wp\/v2\/tags?post=16306"}],"curies":[{"name":"wp","href":"https:\/\/api.w.org\/{rel}","templated":true}]}}