{"id":16272,"date":"2026-01-16T17:01:52","date_gmt":"2026-01-16T17:01:52","guid":{"rendered":"https:\/\/informacionlocal.es\/puerto-del-rosario-inicia-la-puesta-en-valor-y-embellecimiento-de-la-historica-barriada-de-nuestra-senora-del-carmen\/"},"modified":"2026-01-16T17:01:52","modified_gmt":"2026-01-16T17:01:52","slug":"puerto-del-rosario-inicia-la-puesta-en-valor-y-embellecimiento-de-la-historica-barriada-de-nuestra-senora-del-carmen","status":"publish","type":"post","link":"https:\/\/informacionlocal.es\/en\/puerto-del-rosario-inicia-la-puesta-en-valor-y-embellecimiento-de-la-historica-barriada-de-nuestra-senora-del-carmen\/","title":{"rendered":"Puerto del Rosario inicia la puesta en valor y embellecimiento de la hist\u00f3rica barriada de Nuestra Se\u00f1ora del Carmen"},"content":{"rendered":"<div class=\"entry-content\">\n<ul>\n<li><span><strong>Una actuaci\u00f3n conjunta que refuerza la identidad, la memoria colectiva y el atractivo cultural de uno de los barrios m\u00e1s emblem\u00e1ticos de la capital.<\/strong><\/span><strong>\u00a0<\/strong><\/li>\n<\/ul>\n<p><span><strong>En Puerto del Rosario, a 14 de enero de 2026.-<\/strong> El Ayuntamiento de Puerto del Rosario contin\u00faa trabajando en el embellecimiento de los puntos hist\u00f3ricos de la capital, poniendo en valor y recuperando la historia de los barrios m\u00e1s emblem\u00e1ticos. En esta ocasi\u00f3n, las actuaciones se centran en la barriada de Nuestra Se\u00f1ora del Carmen, en Puerto del Rosario, un enclave profundamente ligado al origen y evoluci\u00f3n de la ciudad y de gran valor hist\u00f3rico y cultural para Puerto del Rosario.<\/span><\/p>\n<p><span>Este proyecto se desarrolla de forma coordinada entre las concejal\u00edas de Turismo y Patrimonio Hist\u00f3rico, contando adem\u00e1s con la colaboraci\u00f3n de la Asociaci\u00f3n de Empresarios de Puerto del Rosario y con la implicaci\u00f3n directa de los vecinos y vecinas del barrio, cuyo compromiso resulta clave para preservar y proyectar la identidad hist\u00f3rica del entorno.<\/span><\/p>\n<p><img loading=\"lazy\" decoding=\"async\" loading=\"lazy\" class=\"size-large wp-image-158147 aligncenter\" src=\"https:\/\/informacionlocal.es\/wp-content\/uploads\/2026\/01\/img_2094-1024x683-1.jpg\" width=\"1024\" height=\"683\" title=\"img_2094-1024x683-1\"><\/p>\n<p><span>Con esta actuaci\u00f3n, el Ayuntamiento de Puerto del Rosario refuerza su apuesta por la conservaci\u00f3n del patrimonio local, la mejora del paisaje urbano y el fortalecimiento del sentimiento de pertenencia, consolidando una capital que cuida su historia y la integra de manera natural en su desarrollo futuro.<\/span><\/p>\n<p><span><img loading=\"lazy\" decoding=\"async\" loading=\"lazy\" class=\"size-full wp-image-158158 aligncenter\" src=\"https:\/\/informacionlocal.es\/wp-content\/uploads\/2026\/01\/whatsapp-image-2026-01-14-at-11-07-52-1-1.jpeg\" width=\"480\" height=\"336\" title=\"whatsapp-image-2026-01-14-at-11-07-52-1-1\"><\/span><\/p>\n<p>\u00a0<\/p>\n<p><img loading=\"lazy\" decoding=\"async\" loading=\"lazy\" class=\"size-large wp-image-158156 aligncenter\" src=\"https:\/\/informacionlocal.es\/wp-content\/uploads\/2026\/01\/whatsapp-image-2026-01-14-at-11-07-52.jpeg\" width=\"842\" height=\"531\" title=\"whatsapp-image-2026-01-14-at-11-07-52\"><\/p>\n<p><span>El alcalde de Puerto del Rosario, David de Vera, destac\u00f3 que \u201cla recuperaci\u00f3n y puesta en valor de nuestros barrios hist\u00f3ricos es una prioridad para este grupo de gobierno. La barriada de Nuestra Se\u00f1ora del Carmen forma parte de la memoria colectiva de nuestra ciudad y este trabajo conjunto demuestra que, cuando las administraciones y la ciudadan\u00eda caminan de la mano, se logran proyectos que refuerzan nuestra identidad y mejoran la calidad de vida de los vecinos y vecinas\u201d.<\/span><\/p>\n<p><img loading=\"lazy\" decoding=\"async\" loading=\"lazy\" class=\"size-large wp-image-158148 aligncenter\" src=\"https:\/\/informacionlocal.es\/wp-content\/uploads\/2026\/01\/img_2110-1024x683-1.jpg\" width=\"1024\" height=\"683\" title=\"img_2110-1024x683-1\"><\/p>\n<p><span>Para la concejala de Turismo, Rosa Rodr\u00edguez, \u201cel turismo cultural es una herramienta clave para diversificar la oferta tur\u00edstica de la capital. Embellecer y recuperar espacios con historia, como la barriada de Nuestra Se\u00f1ora del Carmen, contribuye a ofrecer una experiencia m\u00e1s aut\u00e9ntica, al tiempo que se dinamiza la econom\u00eda local y se pone en valor el trabajo conjunto con empresarios y vecinos del barrio\u201d.<\/span><\/p>\n<p><span>Por \u00faltimo, el concejal de Patrimonio Hist\u00f3rico, David de Le\u00f3n, se mostr\u00f3 satisfecho de hacer visible y accesible nuestra historia para todos. \u201cEn la barriada de Nuestra Se\u00f1ora del Carmen, como en actuaciones posteriores en otras barriadas hist\u00f3ricas, protegemos y difundimos un patrimonio vivo, de casi un siglo de historia, para que tanto residentes como visitantes puedan comprender y disfrutar de la esencia de uno de nuestros barrios m\u00e1s emblem\u00e1ticos del viejo Puerto Cabras\u201d.<\/span><\/p>\n<\/div>\n","protected":false},"excerpt":{"rendered":"<p>Una actuaci\u00f3n conjunta que refuerza la identidad, la memoria colectiva y el atractivo cultural de uno de los barrios m\u00e1s emblem\u00e1ticos de la capital.\u00a0 En Puerto del Rosario, a 14 [&hellip;]<\/p>\n","protected":false},"author":1,"featured_media":16274,"comment_status":"open","ping_status":"open","sticky":false,"template":"","format":"standard","meta":{"inline_featured_image":false,"jnews-multi-image_gallery":[],"jnews_single_post":[],"jnews_primary_category":[],"jnews_social_meta":[],"jnews_override_counter":[],"jnews_post_split":[],"footnotes":""},"categories":[61],"tags":[],"class_list":["post-16272","post","type-post","status-publish","format-standard","has-post-thumbnail","hentry","category-puerto-del-rosario"],"jetpack_featured_media_url":"https:\/\/informacionlocal.es\/wp-content\/uploads\/2026\/01\/barriada-del-carmen.png","_links":{"self":[{"href":"https:\/\/informacionlocal.es\/en\/wp-json\/wp\/v2\/posts\/16272","targetHints":{"allow":["GET"]}}],"collection":[{"href":"https:\/\/informacionlocal.es\/en\/wp-json\/wp\/v2\/posts"}],"about":[{"href":"https:\/\/informacionlocal.es\/en\/wp-json\/wp\/v2\/types\/post"}],"author":[{"embeddable":true,"href":"https:\/\/informacionlocal.es\/en\/wp-json\/wp\/v2\/users\/1"}],"replies":[{"embeddable":true,"href":"https:\/\/informacionlocal.es\/en\/wp-json\/wp\/v2\/comments?post=16272"}],"version-history":[{"count":0,"href":"https:\/\/informacionlocal.es\/en\/wp-json\/wp\/v2\/posts\/16272\/revisions"}],"wp:featuredmedia":[{"embeddable":true,"href":"https:\/\/informacionlocal.es\/en\/wp-json\/wp\/v2\/media\/16274"}],"wp:attachment":[{"href":"https:\/\/informacionlocal.es\/en\/wp-json\/wp\/v2\/media?parent=16272"}],"wp:term":[{"taxonomy":"category","embeddable":true,"href":"https:\/\/informacionlocal.es\/en\/wp-json\/wp\/v2\/categories?post=16272"},{"taxonomy":"post_tag","embeddable":true,"href":"https:\/\/informacionlocal.es\/en\/wp-json\/wp\/v2\/tags?post=16272"}],"curies":[{"name":"wp","href":"https:\/\/api.w.org\/{rel}","templated":true}]}}