{"id":16240,"date":"2026-01-16T13:02:42","date_gmt":"2026-01-16T13:02:42","guid":{"rendered":"https:\/\/informacionlocal.es\/el-cabildo-celebra-la-gala-neuromajo-2026-para-homenajear-a-los-participantes-de-2025\/"},"modified":"2026-01-16T13:02:42","modified_gmt":"2026-01-16T13:02:42","slug":"el-cabildo-celebra-la-gala-neuromajo-2026-para-homenajear-a-los-participantes-de-2025","status":"publish","type":"post","link":"https:\/\/informacionlocal.es\/en\/el-cabildo-celebra-la-gala-neuromajo-2026-para-homenajear-a-los-participantes-de-2025\/","title":{"rendered":"\ufeffEl Cabildo celebra la Gala Neuromajo 2026 para homenajear a los participantes de 2025"},"content":{"rendered":"<div class=\"entry-content\"><strong>16 enero, 2026<\/strong><\/p>\n<p><strong><em>El Palacio de Formaci\u00f3n y Congresos acoger\u00e1 la gala el pr\u00f3ximo 24<br \/>\nde enero a las 17.00 horas<\/em><\/strong><\/p>\n<p>El Cabildo de Fuerteventura, a trav\u00e9s de la Consejer\u00eda de Acci\u00f3n<br \/>\nSocial y la Asociaci\u00f3n Neurol\u00edmpica, y en colaboraci\u00f3n con los seis<br \/>\nayuntamientos de la isla y Padilla Supermercados SPAR, celebra la Gala<br \/>\nNeuroMajo 2026, un evento para reconocer el compromiso, la dedicaci\u00f3n y los<br \/>\nvalores demostrados por los y las participantes en las Neuromajo 2025, m\u00e1s all\u00e1<br \/>\nde los resultados obtenidos en la competici\u00f3n. La gala tendr\u00e1 lugar el pr\u00f3ximo<br \/>\n24 de enero, a las 17.00 horas, en el Palacio de Formaci\u00f3n y Congresos. Se<br \/>\ncuenta con un n\u00famero de entradas para p\u00fablico general, que podr\u00e1n adquirirse<br \/>\nsus entradas en www.ecoentradas.com<\/p>\n<p>La gala se centra en visibilizar el trabajo constante que se<br \/>\nrealiza semana a semana durante la preparaci\u00f3n deportiva, premiando actitudes y<br \/>\ncomportamientos que reflejan valores fundamentales tanto del deporte como de la<br \/>\nvida cotidiana. En este encuentro se entregar\u00e1n galardones en las categor\u00edas de<br \/>\nCompa\u00f1erismo, Inspiraci\u00f3n, Esfuerzo, Buen Rollo, Superaci\u00f3n y Evoluci\u00f3n,<br \/>\ndestacando el papel de aquellas personas que contribuyen a crear un entorno<br \/>\npositivo, motivador y de crecimiento personal.<\/p>\n<p>La iniciativa se enmarca dentro de Neuromajo 2025, el cual ya se<br \/>\nha consolidado como una herramienta clave para fomentar el envejecimiento<br \/>\nactivo y saludable a trav\u00e9s del deporte, el aprendizaje continuo y la<br \/>\nparticipaci\u00f3n social. Se trata de un proyecto de la Consejer\u00eda de Acci\u00f3n Social<br \/>\ndel Cabildo de Fuerteventura, en colaboraci\u00f3n con los seis ayuntamientos de la<br \/>\nIsla y Asociaci\u00f3n Neurol\u00edmpica. En la edici\u00f3n de 2025, se ha contado con la<br \/>\ncolaboraci\u00f3n, tambi\u00e9n, de Padilla Supermercados Spar.<\/p>\n<p>La presidenta del Cabildo insular, Lola Garc\u00eda, agradece la<br \/>\nparticipaci\u00f3n de los equipos majoreros y pone en valor un proyecto \u201cque<br \/>\nrepresenta nuestro compromiso con la inclusividad, donde las personas mayores<br \/>\nson protagonistas activos de la vida social y comunitaria\u201d.<\/p>\n<p>El consejero de Acci\u00f3n Social, V\u00edctor Alonso, declara que \u201cla Gala<br \/>\nNeuromajo es un homenaje a la constancia, la ilusi\u00f3n y el esfuerzo diario de<br \/>\ncada participante. Ver c\u00f3mo se superan, se animan entre ellos y celebran cada<br \/>\npeque\u00f1o logro nos recuerda que todos tenemos la capacidad de avanzar y<br \/>\ndisfrutar, sin importar la edad ni las dificultades\u201d.<\/p>\n<p>La Gala Neuromajo contar\u00e1 con la participaci\u00f3n de los equipos<br \/>\nprocedentes de todos los municipios majoreros, convirti\u00e9ndose en un espacio de<br \/>\nencuentro y celebraci\u00f3n colectiva en el que se pone de relieve la importancia<br \/>\nde seguir promoviendo iniciativas inclusivas que mejoren la calidad de vida de<br \/>\nlas personas participantes.<\/p>\n<p>Desde el Cabildo se comunica que a partir de las 10.00 horas del<br \/>\nmartes 20 de enero, se podr\u00e1n adquirir las entradas a trav\u00e9s de ecoentradas<br \/>\npara el p\u00fablico general que quiera asistir.<\/p>\n<\/div>\n","protected":false},"excerpt":{"rendered":"<p>16 enero, 2026 El Palacio de Formaci\u00f3n y Congresos acoger\u00e1 la gala el pr\u00f3ximo 24 de enero a las 17.00 horas El Cabildo de Fuerteventura, a trav\u00e9s de la Consejer\u00eda [&hellip;]<\/p>\n","protected":false},"author":1,"featured_media":16242,"comment_status":"open","ping_status":"open","sticky":false,"template":"","format":"standard","meta":{"inline_featured_image":false,"jnews-multi-image_gallery":[],"jnews_single_post":[],"jnews_primary_category":[],"jnews_social_meta":[],"jnews_override_counter":[],"jnews_post_split":[],"footnotes":""},"categories":[58],"tags":[82,65],"class_list":["post-16240","post","type-post","status-publish","format-standard","has-post-thumbnail","hentry","category-cabildo","tag-fuerteventura","tag-municipios"],"jetpack_featured_media_url":"https:\/\/informacionlocal.es\/wp-content\/uploads\/2026\/01\/cartel-gala-neuromajo-25.jpeg","_links":{"self":[{"href":"https:\/\/informacionlocal.es\/en\/wp-json\/wp\/v2\/posts\/16240","targetHints":{"allow":["GET"]}}],"collection":[{"href":"https:\/\/informacionlocal.es\/en\/wp-json\/wp\/v2\/posts"}],"about":[{"href":"https:\/\/informacionlocal.es\/en\/wp-json\/wp\/v2\/types\/post"}],"author":[{"embeddable":true,"href":"https:\/\/informacionlocal.es\/en\/wp-json\/wp\/v2\/users\/1"}],"replies":[{"embeddable":true,"href":"https:\/\/informacionlocal.es\/en\/wp-json\/wp\/v2\/comments?post=16240"}],"version-history":[{"count":0,"href":"https:\/\/informacionlocal.es\/en\/wp-json\/wp\/v2\/posts\/16240\/revisions"}],"wp:featuredmedia":[{"embeddable":true,"href":"https:\/\/informacionlocal.es\/en\/wp-json\/wp\/v2\/media\/16242"}],"wp:attachment":[{"href":"https:\/\/informacionlocal.es\/en\/wp-json\/wp\/v2\/media?parent=16240"}],"wp:term":[{"taxonomy":"category","embeddable":true,"href":"https:\/\/informacionlocal.es\/en\/wp-json\/wp\/v2\/categories?post=16240"},{"taxonomy":"post_tag","embeddable":true,"href":"https:\/\/informacionlocal.es\/en\/wp-json\/wp\/v2\/tags?post=16240"}],"curies":[{"name":"wp","href":"https:\/\/api.w.org\/{rel}","templated":true}]}}