{"id":16194,"date":"2026-01-15T18:59:39","date_gmt":"2026-01-15T18:59:39","guid":{"rendered":"https:\/\/informacionlocal.es\/cabildo-y-gobierno-de-canarias-dirigen-357-millones-de-euros-a-incrementar-las-plazas-sociosanitarias-en-fuerteventura\/"},"modified":"2026-01-15T18:59:39","modified_gmt":"2026-01-15T18:59:39","slug":"cabildo-y-gobierno-de-canarias-dirigen-357-millones-de-euros-a-incrementar-las-plazas-sociosanitarias-en-fuerteventura","status":"publish","type":"post","link":"https:\/\/informacionlocal.es\/en\/cabildo-y-gobierno-de-canarias-dirigen-357-millones-de-euros-a-incrementar-las-plazas-sociosanitarias-en-fuerteventura\/","title":{"rendered":"Cabildo y Gobierno de Canarias dirigen 35,7 millones de euros a incrementar las plazas sociosanitarias en Fuerteventura"},"content":{"rendered":"<div class=\"entry-content\"><strong>15 enero, 2026<\/strong><\/p>\n<p><em><strong>La Corporaci\u00f3n insular suscribi\u00f3 hoy el convenio de dependencia 2025-2028 con el Gobierno de Canarias <\/strong><\/em><\/p>\n<p>El Cabildo de Fuerteventura ha suscrito hoy el<br \/>\nconvenio de dependencia 2025-2028 con el Gobierno de Canarias. Una financiaci\u00f3n<br \/>\nque asciende a 35,7 millones de euros entre las diferentes anualidades con la<br \/>\nprevisi\u00f3n de alcanzar las 589 plazas sociosanitarias para mayores, personas<br \/>\ndependientes y con discapacidad dentro de ese horizonte. <\/p>\n<p>En el marco del convenio firmado, el Cabildo<br \/>\nde Fuerteventura aporta 9,2 millones de euros para las anualidades 2025-2028,<br \/>\nmientras que la aportaci\u00f3n de la Comunidad Aut\u00f3noma suma 26,4 millones de euros.<\/p>\n<p>Para el ejercicio 2026, se destinan<br \/>\n9.414.136.17 euros, lo que permitir\u00e1 pasar de 300 a 442 plazas en la isla<br \/>\nmajorera. As\u00ed lo han comunicado la presidenta insular, Lola Garc\u00eda, y el<br \/>\nconsejero de Acci\u00f3n Social, V\u00edctor Alonso, durante el acto de firma del<br \/>\nconvenio en Gran Canaria con la Consejer\u00eda de Bienestar Social del ejecutivo<br \/>\nauton\u00f3mica, que dirige Candelaria Delgado.<\/p>\n<p>Para Garc\u00eda, \u201cla atenci\u00f3n a las personas es<br \/>\nuna de nuestras grandes prioridades de trabajo. Por este motivo, hemos<br \/>\nplanificado las plazas que necesita nuestra Isla para las personas que as\u00ed lo<br \/>\nnecesitan\u201d. \u201cUna financiaci\u00f3n que permitir\u00e1 pasar de las 300 plazas actuales<br \/>\nhasta 442 plazas entre los diferentes recursos con los que cuenta actualmente<br \/>\nFuerteventura y seguimos incorporando plazas derivadas de los nuevos recursos<br \/>\nque se van poniendo en marcha gracias a la coordinaci\u00f3n, tambi\u00e9n, con los<br \/>\nayuntamientos\u201d, apunta Garc\u00eda.<\/p>\n<p>El consejero de Acci\u00f3n Social, V\u00edctor Alonso,<br \/>\nexplica que las plazas se ampl\u00edan en 142, la mayor\u00eda a trav\u00e9s del Servicio de<br \/>\nPromoci\u00f3n de la Autonom\u00eda Personal, que ya ha sido adjudicado a trav\u00e9s de<br \/>\nconcierto social y que recibe 900.000 euros para esta anualidad. Se trata de un<br \/>\nservicio de atenci\u00f3n a domicilio a 134 personas en situaci\u00f3n de dependencia,<br \/>\nque contar\u00e1 con coordinado\/a, trabajadores\/as sociales, psic\u00f3logos\/as,<br \/>\nterapeutas ocupacionales, fisioterapeutas, logopedas, as\u00ed como gerocultores\/as,<br \/>\nt\u00e9cnicos\/as superiores en animaci\u00f3n de actividades f\u00edsicas, deportivas y<br \/>\nsocioculturales.<\/p>\n<p>El Cabildo de Fuerteventura cuenta, adem\u00e1s,<br \/>\ncon recursos como Residencia y Centro de D\u00eda de Puerto del Rosario, Centro<br \/>\nJosefina Pl\u00e1, Residencia Insular de Personas con Discapacidad, Centro<br \/>\nOcupacional de Puerto del Rosario, Centro Ocupacional de Personas con<br \/>\nDiscapacidad de Gran Tarajal, Programa de Alojamiento Tutelado de Salud Mental,<br \/>\nCentro de Rehabilitaci\u00f3n Psicosocial de Puerto del Rosario y Centro de<br \/>\nRehabilitaci\u00f3n Psicosocial de Gran Tarajal. A esto se le suma la Residencia<br \/>\nInsular de Salud Mental de pr\u00f3xima apertura.<\/p>\n<p>Adem\u00e1s, el Cabildo trabaja en la construcci\u00f3n<br \/>\nde la Residencia y Centro de D\u00eda de Mayores de Gran Tarajal, que permitir\u00e1n<br \/>\nampliar 90 plazas m\u00e1s y se coordinan los trabajos para tener un Centro de D\u00eda<br \/>\nde Personas Mayores en Costa Calma con otras 30 plazas sociosanitarias, as\u00ed<br \/>\ncomo para la zona Antigua-Betancuria.<\/p>\n<\/div>\n","protected":false},"excerpt":{"rendered":"<p>15 enero, 2026 La Corporaci\u00f3n insular suscribi\u00f3 hoy el convenio de dependencia 2025-2028 con el Gobierno de Canarias El Cabildo de Fuerteventura ha suscrito hoy el convenio de dependencia 2025-2028 [&hellip;]<\/p>\n","protected":false},"author":1,"featured_media":16196,"comment_status":"open","ping_status":"open","sticky":false,"template":"","format":"standard","meta":{"inline_featured_image":false,"jnews-multi-image_gallery":[],"jnews_single_post":[],"jnews_primary_category":[],"jnews_social_meta":[],"jnews_override_counter":[],"jnews_post_split":[],"footnotes":""},"categories":[58],"tags":[82],"class_list":["post-16194","post","type-post","status-publish","format-standard","has-post-thumbnail","hentry","category-cabildo","tag-fuerteventura"],"jetpack_featured_media_url":"https:\/\/informacionlocal.es\/wp-content\/uploads\/2026\/01\/compostaje-2.jpeg","_links":{"self":[{"href":"https:\/\/informacionlocal.es\/en\/wp-json\/wp\/v2\/posts\/16194","targetHints":{"allow":["GET"]}}],"collection":[{"href":"https:\/\/informacionlocal.es\/en\/wp-json\/wp\/v2\/posts"}],"about":[{"href":"https:\/\/informacionlocal.es\/en\/wp-json\/wp\/v2\/types\/post"}],"author":[{"embeddable":true,"href":"https:\/\/informacionlocal.es\/en\/wp-json\/wp\/v2\/users\/1"}],"replies":[{"embeddable":true,"href":"https:\/\/informacionlocal.es\/en\/wp-json\/wp\/v2\/comments?post=16194"}],"version-history":[{"count":0,"href":"https:\/\/informacionlocal.es\/en\/wp-json\/wp\/v2\/posts\/16194\/revisions"}],"wp:featuredmedia":[{"embeddable":true,"href":"https:\/\/informacionlocal.es\/en\/wp-json\/wp\/v2\/media\/16196"}],"wp:attachment":[{"href":"https:\/\/informacionlocal.es\/en\/wp-json\/wp\/v2\/media?parent=16194"}],"wp:term":[{"taxonomy":"category","embeddable":true,"href":"https:\/\/informacionlocal.es\/en\/wp-json\/wp\/v2\/categories?post=16194"},{"taxonomy":"post_tag","embeddable":true,"href":"https:\/\/informacionlocal.es\/en\/wp-json\/wp\/v2\/tags?post=16194"}],"curies":[{"name":"wp","href":"https:\/\/api.w.org\/{rel}","templated":true}]}}