{"id":16140,"date":"2026-01-14T14:02:37","date_gmt":"2026-01-14T14:02:37","guid":{"rendered":"https:\/\/informacionlocal.es\/el-cabildo-de-fuerteventura-lleva-las-competencias-digitales-al-municipio-de-betancuria\/"},"modified":"2026-01-14T14:02:37","modified_gmt":"2026-01-14T14:02:37","slug":"el-cabildo-de-fuerteventura-lleva-las-competencias-digitales-al-municipio-de-betancuria","status":"publish","type":"post","link":"https:\/\/informacionlocal.es\/en\/el-cabildo-de-fuerteventura-lleva-las-competencias-digitales-al-municipio-de-betancuria\/","title":{"rendered":"El Cabildo de Fuerteventura lleva las competencias digitales al municipio de Betancuria\ufeff"},"content":{"rendered":"<div class=\"entry-content\"><strong>14 enero, 2026<\/strong><\/p>\n<p><em><strong>La Consejer\u00eda de Nuevas Tecnolog\u00edas contin\u00faa formando a la poblaci\u00f3n de todo el territorio insular en competencias digitales b\u00e1sicas, en este caso con un programa formativo dirigido especialmente a personas mayores, mujeres y poblaci\u00f3n infantil-juvenil del municipio de Betancuria<\/strong><\/em><\/p>\n<p>El Cabildo de Fuerteventura, a trav\u00e9s de la\u00a0Consejer\u00eda de Nuevas Tecnolog\u00edas, contin\u00faa llevando la capacitaci\u00f3n en competencias digitales con acciones formativas que se llevan por todo el territorio insular. De esta manera, la instituci\u00f3n insular pondr\u00e1 en marcha un proyecto de formaci\u00f3n en competencias digitales b\u00e1sicas en el municipio de Betancuria. Una iniciativa que permitir\u00e1 a la poblaci\u00f3n del municipio formarse en este \u00e1mbito, facilitando su acceso a servicios p\u00fablicos en l\u00ednea, transacciones digitales seguras y una participaci\u00f3n m\u00e1s activa en la sociedad de la informaci\u00f3n.<\/p>\n<p>Este proyecto se dirige de manera prioritaria a personas mayores, mujeres y poblaci\u00f3n infantil-juvenil, residente en municipios con especiales dificultades demogr\u00e1ficas, como es el caso de Betancuria.<\/p>\n<p>\u201cEsta acci\u00f3n reafirma el compromiso del Cabildo de Fuerteventura con la reducci\u00f3n de la brecha digital en los diferentes municipios y con el impulso a una sociedad m\u00e1s inclusiva e integrada en el entorno digital, con experiencias de este tipo que ya se han llevado con \u00e9xito a todos los municipios\u201d, explic\u00f3 la consejera de Nuevas Tecnolog\u00edas, Carmen Alonso, durante una reuni\u00f3n de coordinaci\u00f3n mantenida con el alcalde de Betancuria, Enrique Cerde\u00f1a, y el equipo t\u00e9cnico municipal.<\/p>\n<p>Durante la reuni\u00f3n, celebrada en Betancuria, la consejera y el alcalde abordaron los aspectos organizativos necesarios para el desarrollo del proyecto, incluyendo la coordinaci\u00f3n entre el Cabildo de Fuerteventura y el propio Ayuntamiento de Betancuria.<\/p>\n<p>La actuaci\u00f3n se enmarca en el Componente 19, Inversi\u00f3n 1 \u201cCompetencias Digitales Transversales\u201d, del Plan de Recuperaci\u00f3n, Transformaci\u00f3n y Resiliencia del Gobierno de Espa\u00f1a, que en el Archipi\u00e9lago es gestionado por el Gobierno de Canarias, contando con fondos europeos Next Generation. El objetivo principal es la formaci\u00f3n en competencias digitales de la ciudadan\u00eda residente en zonas con reto demogr\u00e1fico. En el caso de Canarias, el programa prev\u00e9 la capacitaci\u00f3n de miles de personas distribuidas entre todas las islas, correspondiendo a Fuerteventura acciones espec\u00edficas en Betancuria.<\/p>\n<p>El proyecto contempla acciones formativas orientadas a que las personas participantes adquieran habilidades para comunicarse, informarse y realizar gestiones y compras en l\u00ednea con seguridad. Entre los contenidos previstos figuran el uso b\u00e1sico de herramientas digitales, comunicaci\u00f3n en l\u00ednea, b\u00fasqueda y evaluaci\u00f3n de informaci\u00f3n, realizaci\u00f3n de transacciones seguras, interacci\u00f3n con las administraciones p\u00fablicas y resoluci\u00f3n de problemas digitales habituales.<\/p>\n<\/div>\n","protected":false},"excerpt":{"rendered":"<p>14 enero, 2026 La Consejer\u00eda de Nuevas Tecnolog\u00edas contin\u00faa formando a la poblaci\u00f3n de todo el territorio insular en competencias digitales b\u00e1sicas, en este caso con un programa formativo dirigido [&hellip;]<\/p>\n","protected":false},"author":1,"featured_media":16142,"comment_status":"open","ping_status":"open","sticky":false,"template":"","format":"standard","meta":{"inline_featured_image":false,"jnews-multi-image_gallery":[],"jnews_single_post":[],"jnews_primary_category":[],"jnews_social_meta":[],"jnews_override_counter":[],"jnews_post_split":[],"footnotes":""},"categories":[58],"tags":[82,65,66],"class_list":["post-16140","post","type-post","status-publish","format-standard","has-post-thumbnail","hentry","category-cabildo","tag-fuerteventura","tag-municipios","tag-servicios-publicos"],"jetpack_featured_media_url":"https:\/\/informacionlocal.es\/wp-content\/uploads\/2026\/01\/1768380337-b7d4329da0c97dd3306704ae9172da07.jpg","_links":{"self":[{"href":"https:\/\/informacionlocal.es\/en\/wp-json\/wp\/v2\/posts\/16140","targetHints":{"allow":["GET"]}}],"collection":[{"href":"https:\/\/informacionlocal.es\/en\/wp-json\/wp\/v2\/posts"}],"about":[{"href":"https:\/\/informacionlocal.es\/en\/wp-json\/wp\/v2\/types\/post"}],"author":[{"embeddable":true,"href":"https:\/\/informacionlocal.es\/en\/wp-json\/wp\/v2\/users\/1"}],"replies":[{"embeddable":true,"href":"https:\/\/informacionlocal.es\/en\/wp-json\/wp\/v2\/comments?post=16140"}],"version-history":[{"count":0,"href":"https:\/\/informacionlocal.es\/en\/wp-json\/wp\/v2\/posts\/16140\/revisions"}],"wp:featuredmedia":[{"embeddable":true,"href":"https:\/\/informacionlocal.es\/en\/wp-json\/wp\/v2\/media\/16142"}],"wp:attachment":[{"href":"https:\/\/informacionlocal.es\/en\/wp-json\/wp\/v2\/media?parent=16140"}],"wp:term":[{"taxonomy":"category","embeddable":true,"href":"https:\/\/informacionlocal.es\/en\/wp-json\/wp\/v2\/categories?post=16140"},{"taxonomy":"post_tag","embeddable":true,"href":"https:\/\/informacionlocal.es\/en\/wp-json\/wp\/v2\/tags?post=16140"}],"curies":[{"name":"wp","href":"https:\/\/api.w.org\/{rel}","templated":true}]}}