{"id":16134,"date":"2026-01-14T13:00:06","date_gmt":"2026-01-14T13:00:06","guid":{"rendered":"https:\/\/informacionlocal.es\/antigua-presenta-el-cartel-del-carnaval-culturas-y-lugares-del-mundo\/"},"modified":"2026-01-14T13:00:06","modified_gmt":"2026-01-14T13:00:06","slug":"antigua-presenta-el-cartel-del-carnaval-culturas-y-lugares-del-mundo","status":"publish","type":"post","link":"https:\/\/informacionlocal.es\/en\/antigua-presenta-el-cartel-del-carnaval-culturas-y-lugares-del-mundo\/","title":{"rendered":"Antigua presenta el Cartel del Carnaval \u2018Culturas y Lugares del Mundo\u2019"},"content":{"rendered":"<div class=\"elementor-widget-container\">\n<p><strong>Antigua presenta el Cartel del Carnaval \u2018Culturas y Lugares del Mundo\u2019<\/strong><\/p>\n<p><strong>\u2022 El Carnaval de Antigua 2026 invita a un viaje por las \u2018Culturas y Lugares del Mundo\u2019 del 4 al 14 de febrero.<\/strong><\/p>\n<p>El Ayuntamiento desde la concejal\u00eda de Festejos presenta el cartel del Carnaval de Antigua y Caleta de Fuste dedicado este a\u00f1o a las Culturas y lugares del mundo, anuncia el alcalde, Mat\u00edas Pe\u00f1a Garc\u00eda, una alegor\u00eda elegida entre los grupos carnavaleros del Municipio y que permite dar rienda suelta a la imaginaci\u00f3n, los dise\u00f1os y los m\u00e1s creativos o coloridos disfraces.<\/p>\n<p>El Carnaval 2026 tendr\u00e1 lugar del 4 al 14 de febrero, celebrando una programaci\u00f3n principal en el primer fin de semana en Antigua y en el segundo en Caleta de Fuste, reuniendo actuaciones, pasacalles, coso carnavalero, verbenas y Gala Drag, afirma el concejal de Festejos, Pedro Armas Mart\u00edn.<\/p>\n<p>Unos carnavales que invitan a participar y disfrutar con la fiesta de las m\u00e1scaras, los disfraces, los dise\u00f1os y colores, en esta ocasi\u00f3n de tradiciones, colores y expresiones culturales a trav\u00e9s de la m\u00fasica, los disfraces y el imaginario de cualquier lugar del mundo.<\/p>\n<p>La alegor\u00eda fue seleccionada por consenso en una reuni\u00f3n previa de la concejal\u00eda con los diversos colectivos y agrupaciones carnavaleras del municipio, recuerda Armas, una elecci\u00f3n que busca fomentar la creatividad y ofrecer un amplio abanico de posibilidades para los participantes, desde comparsas y murgas hasta grupos y disfraces individuales.<\/p>\n<p>El Carnaval de Antigua se desarrolla principalmente en las localidades de Antigua y Caleta de Fuste, extendi\u00e9ndose la celebraci\u00f3n a diferentes puntos del municipio y consolidando el Carnaval como un punto de encuentro para la diversi\u00f3n.<\/p>\n<p>\u00a0<\/p>\n<\/div>\n","protected":false},"excerpt":{"rendered":"<p><strong>Antigua presenta el Cartel del Carnaval \u2018Culturas y Lugares del Mundo\u2019<\/strong><\/p>\n","protected":false},"author":1,"featured_media":16136,"comment_status":"open","ping_status":"open","sticky":false,"template":"","format":"standard","meta":{"inline_featured_image":false,"jnews-multi-image_gallery":[],"jnews_single_post":[],"jnews_primary_category":[],"jnews_social_meta":[],"jnews_override_counter":[],"jnews_post_split":[],"footnotes":""},"categories":[59],"tags":[],"class_list":["post-16134","post","type-post","status-publish","format-standard","has-post-thumbnail","hentry","category-antigua"],"jetpack_featured_media_url":"https:\/\/informacionlocal.es\/wp-content\/uploads\/2026\/01\/programa-de-carnaval.jpeg","_links":{"self":[{"href":"https:\/\/informacionlocal.es\/en\/wp-json\/wp\/v2\/posts\/16134","targetHints":{"allow":["GET"]}}],"collection":[{"href":"https:\/\/informacionlocal.es\/en\/wp-json\/wp\/v2\/posts"}],"about":[{"href":"https:\/\/informacionlocal.es\/en\/wp-json\/wp\/v2\/types\/post"}],"author":[{"embeddable":true,"href":"https:\/\/informacionlocal.es\/en\/wp-json\/wp\/v2\/users\/1"}],"replies":[{"embeddable":true,"href":"https:\/\/informacionlocal.es\/en\/wp-json\/wp\/v2\/comments?post=16134"}],"version-history":[{"count":0,"href":"https:\/\/informacionlocal.es\/en\/wp-json\/wp\/v2\/posts\/16134\/revisions"}],"wp:featuredmedia":[{"embeddable":true,"href":"https:\/\/informacionlocal.es\/en\/wp-json\/wp\/v2\/media\/16136"}],"wp:attachment":[{"href":"https:\/\/informacionlocal.es\/en\/wp-json\/wp\/v2\/media?parent=16134"}],"wp:term":[{"taxonomy":"category","embeddable":true,"href":"https:\/\/informacionlocal.es\/en\/wp-json\/wp\/v2\/categories?post=16134"},{"taxonomy":"post_tag","embeddable":true,"href":"https:\/\/informacionlocal.es\/en\/wp-json\/wp\/v2\/tags?post=16134"}],"curies":[{"name":"wp","href":"https:\/\/api.w.org\/{rel}","templated":true}]}}