{"id":16092,"date":"2026-01-13T17:59:19","date_gmt":"2026-01-13T17:59:19","guid":{"rendered":"https:\/\/informacionlocal.es\/el-museo-arqueologico-de-fuerteventura-acoge-el-ciclo-cultural-majos-para-divulgar-el-pasado-indigena-de-la-isla\/"},"modified":"2026-01-13T17:59:19","modified_gmt":"2026-01-13T17:59:19","slug":"el-museo-arqueologico-de-fuerteventura-acoge-el-ciclo-cultural-majos-para-divulgar-el-pasado-indigena-de-la-isla","status":"publish","type":"post","link":"https:\/\/informacionlocal.es\/en\/el-museo-arqueologico-de-fuerteventura-acoge-el-ciclo-cultural-majos-para-divulgar-el-pasado-indigena-de-la-isla\/","title":{"rendered":"El Museo Arqueol\u00f3gico de Fuerteventura acoge el Ciclo Cultural Majos para divulgar el pasado ind\u00edgena de la isla"},"content":{"rendered":"<div class=\"entry-content\"><strong>13 enero, 2026<\/strong><\/p>\n<p><strong><em>El programa reunir\u00e1 a expertos en arqueolog\u00eda, historia y<br \/>\npatrimonio para acercar a la ciudadan\u00eda la cultura de los majos<\/em><\/strong><\/p>\n<p>El Museo Arqueol\u00f3gico de Fuerteventura (MAF) ser\u00e1 el escenario<br \/>\ndurante todo el a\u00f1o 2026 del Ciclo Cultural Majos, un programa de debates y<br \/>\ncoloquios impulsado por el Cabildo de Fuerteventura con el objetivo de<br \/>\nprofundizar en el conocimiento y la divulgaci\u00f3n del patrimonio arqueol\u00f3gico y<br \/>\ncultural de la isla.<\/p>\n<p>La iniciativa, promovida desde el Museo Arqueol\u00f3gico Insular,<br \/>\ncontar\u00e1 con la participaci\u00f3n de especialistas de reconocido prestigio en<br \/>\narqueolog\u00eda, historia y patrimonio de Canarias, que abordar\u00e1n aspectos clave de<br \/>\nla cultura del pueblo majo, los primeros pobladores de Fuerteventura.<\/p>\n<p>A lo largo de las distintas sesiones se explorar\u00e1n temas como el<br \/>\norigen y la llegada de los majos a la isla, su interacci\u00f3n con el medio<br \/>\nnatural, los asentamientos y estructuras habitacionales, su modelo econ\u00f3mico<br \/>\ncentrado en la ganader\u00eda, sus manufacturas (cer\u00e1mica, industria \u00f3sea, cuentas<br \/>\nplacas y herramientas l\u00edticas), as\u00ed como sus creencias religiosas, el mundo<br \/>\nfunerario y los grabados que dejaron en las rocas. Adem\u00e1s, se analizar\u00e1 el<br \/>\nlegado cultural que perdura en la toponimia, la ganader\u00eda y la antroponimia<br \/>\ntras la llegada de los conquistadores europeos.<\/p>\n<p>El ciclo incorporar\u00e1 los resultados de las \u00faltimas investigaciones<br \/>\nsobre los majos y otras culturas ind\u00edgenas de Canarias, fomentando el debate y<br \/>\nel intercambio de conocimientos con la ciudadan\u00eda. Participar\u00e1n profesores<br \/>\nuniversitarios, conservadores de museos, arque\u00f3logos, historiadores, bi\u00f3logos y<br \/>\nespecialistas en patrimonio cultural.<\/p>\n<p>Seg\u00fan el consejero del \u00e1rea, Rayco Le\u00f3n, el Ciclo Cultural Majos<br \/>\ncontin\u00faa la labor de otros ciclos anteriores, como \u2018Erbania\u2019 y \u2018Entre<br \/>\nVitrinas\u2019, con el objetivo de acercar el patrimonio cultural de Fuerteventura a<br \/>\nla comunidad, fortalecer la identidad local y fomentar la conservaci\u00f3n del<br \/>\nlegado hist\u00f3rico de la isla.<\/p>\n<p>La primera mesa, que se celebrar\u00e1 el jueves 29 de enero a las<br \/>\n19.00 horas en el sal\u00f3n de actos del MAF, estar\u00e1 dedicada al origen de los<br \/>\nmajos para conocer qui\u00e9nes eran, de d\u00f3nde vinieron y cu\u00e1ndo llegaron a la isla.<br \/>\nEsta sesi\u00f3n contar\u00e1 con la intervenci\u00f3n de Carmina del Arco Aguilar,<br \/>\ncatedr\u00e1tica de Prehistoria de la Universidad de La Laguna, y Jonathan Santana<br \/>\nCabrera, profesor de Prehistoria de la ULPGC. <\/p>\n<p>El acceso ser\u00e1 libre hasta completar aforo, sin necesidad de<br \/>\ninscripci\u00f3n previa.<\/p>\n<\/div>\n","protected":false},"excerpt":{"rendered":"<p>13 enero, 2026 El programa reunir\u00e1 a expertos en arqueolog\u00eda, historia y patrimonio para acercar a la ciudadan\u00eda la cultura de los majos El Museo Arqueol\u00f3gico de Fuerteventura (MAF) ser\u00e1 [&hellip;]<\/p>\n","protected":false},"author":1,"featured_media":16094,"comment_status":"open","ping_status":"open","sticky":false,"template":"","format":"standard","meta":{"inline_featured_image":false,"jnews-multi-image_gallery":[],"jnews_single_post":[],"jnews_primary_category":[],"jnews_social_meta":[],"jnews_override_counter":[],"jnews_post_split":[],"footnotes":""},"categories":[58],"tags":[82],"class_list":["post-16092","post","type-post","status-publish","format-standard","has-post-thumbnail","hentry","category-cabildo","tag-fuerteventura"],"jetpack_featured_media_url":"https:\/\/informacionlocal.es\/wp-content\/uploads\/2026\/01\/1768293234-bc57506a9b2073d319347b5d8d6ff4a8.jpg","_links":{"self":[{"href":"https:\/\/informacionlocal.es\/en\/wp-json\/wp\/v2\/posts\/16092","targetHints":{"allow":["GET"]}}],"collection":[{"href":"https:\/\/informacionlocal.es\/en\/wp-json\/wp\/v2\/posts"}],"about":[{"href":"https:\/\/informacionlocal.es\/en\/wp-json\/wp\/v2\/types\/post"}],"author":[{"embeddable":true,"href":"https:\/\/informacionlocal.es\/en\/wp-json\/wp\/v2\/users\/1"}],"replies":[{"embeddable":true,"href":"https:\/\/informacionlocal.es\/en\/wp-json\/wp\/v2\/comments?post=16092"}],"version-history":[{"count":0,"href":"https:\/\/informacionlocal.es\/en\/wp-json\/wp\/v2\/posts\/16092\/revisions"}],"wp:featuredmedia":[{"embeddable":true,"href":"https:\/\/informacionlocal.es\/en\/wp-json\/wp\/v2\/media\/16094"}],"wp:attachment":[{"href":"https:\/\/informacionlocal.es\/en\/wp-json\/wp\/v2\/media?parent=16092"}],"wp:term":[{"taxonomy":"category","embeddable":true,"href":"https:\/\/informacionlocal.es\/en\/wp-json\/wp\/v2\/categories?post=16092"},{"taxonomy":"post_tag","embeddable":true,"href":"https:\/\/informacionlocal.es\/en\/wp-json\/wp\/v2\/tags?post=16092"}],"curies":[{"name":"wp","href":"https:\/\/api.w.org\/{rel}","templated":true}]}}