{"id":16030,"date":"2026-01-12T11:02:00","date_gmt":"2026-01-12T11:02:00","guid":{"rendered":"https:\/\/informacionlocal.es\/el-cabildo-y-gdr-maxorata-impulsan-cursos-formativos-dirigidos-al-sector-primario\/"},"modified":"2026-01-12T11:02:00","modified_gmt":"2026-01-12T11:02:00","slug":"el-cabildo-y-gdr-maxorata-impulsan-cursos-formativos-dirigidos-al-sector-primario","status":"publish","type":"post","link":"https:\/\/informacionlocal.es\/en\/el-cabildo-y-gdr-maxorata-impulsan-cursos-formativos-dirigidos-al-sector-primario\/","title":{"rendered":"El Cabildo y GDR Maxorata impulsan cursos formativos dirigidos al sector primario"},"content":{"rendered":"<div class=\"entry-content\"><strong>12 enero, 2026<\/strong><\/p>\n<p><strong><em>En esta ocasi\u00f3n, se impartir\u00e1n cursos de riego eficiente y poda e<br \/>\ninjerto de la vid divididas en dos sesiones<\/em><\/strong><\/p>\n<p>La Asociaci\u00f3n para la Gesti\u00f3n del Desarrollo Rural Maxorata (GDR)<br \/>\ny el Cabildo de Fuerteventura, a trav\u00e9s de la Consejer\u00eda de Agricultura que<br \/>\ndirige Mat\u00edas Pe\u00f1a, ponen en marcha el programa de cursos formativos para el<br \/>\na\u00f1o 2026 destinados al sector primario, gracias a la financiaci\u00f3n de la<br \/>\nIntervenci\u00f3n 7119 del PEPAC 2023-2027.<\/p>\n<p>La primera acci\u00f3n formativa estar\u00e1 centrada en el riego eficiente,<br \/>\nla poda y el injerto de la vid, con el objetivo de mejorar los conocimientos<br \/>\nt\u00e9cnicos, fomentar un uso responsable del agua y contribuir a la<br \/>\nprofesionalizaci\u00f3n y sostenibilidad de la viticultura en la isla.<\/p>\n<p>El programa incluye, por un lado, una conferencia sobre riego<br \/>\norientado al cultivo de la vid, que se celebrar\u00e1 el martes 20 de enero, en<br \/>\nhorario de 15.00 a 18.00 horas, impartida por Jorge Zerolo Hern\u00e1ndez. <\/p>\n<p>Por otro, un curso pr\u00e1ctico y te\u00f3rico de poda e injerto de la<br \/>\nvi\u00f1a, impartido por Antonio C. Perdomo Molina, que tendr\u00e1 lugar del 21 al 24 de<br \/>\nenero, en horario de tarde, de 15.30 a 20.30 horas, y una sesi\u00f3n matinal el<br \/>\ns\u00e1bado, de 9.00 a 14.00 horas.<\/p>\n<p>La formaci\u00f3n contar\u00e1 con una duraci\u00f3n total de 23 horas y est\u00e1<br \/>\nhomologada para la cualificaci\u00f3n agraria profesional. La parte te\u00f3rica se<br \/>\ndesarrollar\u00e1 en la Asociaci\u00f3n Cultural Ra\u00edz del Pueblo, en La Oliva, mientras<br \/>\nque la parte pr\u00e1ctica se realizar\u00e1 en las gavias de San Miguel, en Lajares.<\/p>\n<p>Las plazas son limitadas y las personas interesadas pueden<br \/>\nformalizar su inscripci\u00f3n a trav\u00e9s de GDR Maxorata, mediante el correo<br \/>\nelectr\u00f3nico irisgdr2024@gmail.com o en los tel\u00e9fonos 633 09 39 03 y 928 53 12<br \/>\n03.<\/p>\n<\/div>\n","protected":false},"excerpt":{"rendered":"<p>12 enero, 2026 En esta ocasi\u00f3n, se impartir\u00e1n cursos de riego eficiente y poda e injerto de la vid divididas en dos sesiones La Asociaci\u00f3n para la Gesti\u00f3n del Desarrollo [&hellip;]<\/p>\n","protected":false},"author":1,"featured_media":16032,"comment_status":"open","ping_status":"open","sticky":false,"template":"","format":"standard","meta":{"inline_featured_image":false,"jnews-multi-image_gallery":[],"jnews_single_post":[],"jnews_primary_category":[],"jnews_social_meta":[],"jnews_override_counter":[],"jnews_post_split":[],"footnotes":""},"categories":[58],"tags":[385,82],"class_list":["post-16030","post","type-post","status-publish","format-standard","has-post-thumbnail","hentry","category-cabildo","tag-agricultura","tag-fuerteventura"],"jetpack_featured_media_url":"https:\/\/informacionlocal.es\/wp-content\/uploads\/2026\/01\/gdr.jpeg","_links":{"self":[{"href":"https:\/\/informacionlocal.es\/en\/wp-json\/wp\/v2\/posts\/16030","targetHints":{"allow":["GET"]}}],"collection":[{"href":"https:\/\/informacionlocal.es\/en\/wp-json\/wp\/v2\/posts"}],"about":[{"href":"https:\/\/informacionlocal.es\/en\/wp-json\/wp\/v2\/types\/post"}],"author":[{"embeddable":true,"href":"https:\/\/informacionlocal.es\/en\/wp-json\/wp\/v2\/users\/1"}],"replies":[{"embeddable":true,"href":"https:\/\/informacionlocal.es\/en\/wp-json\/wp\/v2\/comments?post=16030"}],"version-history":[{"count":0,"href":"https:\/\/informacionlocal.es\/en\/wp-json\/wp\/v2\/posts\/16030\/revisions"}],"wp:featuredmedia":[{"embeddable":true,"href":"https:\/\/informacionlocal.es\/en\/wp-json\/wp\/v2\/media\/16032"}],"wp:attachment":[{"href":"https:\/\/informacionlocal.es\/en\/wp-json\/wp\/v2\/media?parent=16030"}],"wp:term":[{"taxonomy":"category","embeddable":true,"href":"https:\/\/informacionlocal.es\/en\/wp-json\/wp\/v2\/categories?post=16030"},{"taxonomy":"post_tag","embeddable":true,"href":"https:\/\/informacionlocal.es\/en\/wp-json\/wp\/v2\/tags?post=16030"}],"curies":[{"name":"wp","href":"https:\/\/api.w.org\/{rel}","templated":true}]}}