{"id":15958,"date":"2026-01-08T18:00:57","date_gmt":"2026-01-08T18:00:57","guid":{"rendered":"https:\/\/informacionlocal.es\/el-ayuntamiento-y-el-cl-union-antigua-animan-a-asistir-a-la-luchada-solidaria-en-favor-de-pequeno-valiente\/"},"modified":"2026-01-08T18:00:57","modified_gmt":"2026-01-08T18:00:57","slug":"el-ayuntamiento-y-el-cl-union-antigua-animan-a-asistir-a-la-luchada-solidaria-en-favor-de-pequeno-valiente","status":"publish","type":"post","link":"https:\/\/informacionlocal.es\/en\/el-ayuntamiento-y-el-cl-union-antigua-animan-a-asistir-a-la-luchada-solidaria-en-favor-de-pequeno-valiente\/","title":{"rendered":"El Ayuntamiento y el CL Uni\u00f3n Antigua animan a asistir a la Luchada Solidaria en favor de Peque\u00f1o Valiente"},"content":{"rendered":"<div class=\"elementor-widget-container\">\n<p><strong>El Ayuntamiento y el CL Uni\u00f3n Antigua animan a asistir a la Luchada Solidaria en favor de Peque\u00f1o Valiente<\/strong><\/p>\n<p><strong>\u2022 El Ayuntamiento de Antigua colabora en la Luchada Solidaria que organiza el CL Uni\u00f3n Antigua este s\u00e1bado 10 de enero a partir de las 20:30 horas, en el Terrero de Lucha Municipal. <\/strong><br \/><strong>\u2022 La Luchada entre el Uni\u00f3n Antigua vs Rosario forma parte de la Liga Cabildo de Fuerteventura OPC-Sumytrans Temporada 25\/26. <\/strong><br \/><strong>\u2022 La recaudaci\u00f3n de la Taquilla ser\u00e1 donada \u00edntegramente a la Fundaci\u00f3n Peque\u00f1o Valiente.<\/strong><\/p>\n<p>El Ayuntamiento de Antigua colabora en la Lucha Solidaria que organiza el CL Uni\u00f3n Antigua este s\u00e1bado 10 de enero a partir de las 20:30 horas, en el Terrero de Lucha Municipal, destinando la totalidad recaudada de la entrada a la Fundaci\u00f3n Peque\u00f1o Valiente.<\/p>\n<p>El alcalde, Mat\u00edas Pe\u00f1a y el concejal de Deportes, Samuel Torres, se suman adem\u00e1s a los mensajes y v\u00eddeos de representantes p\u00fablicos y conocidos deportistas, animando asistir a una luchada que no s\u00f3lo suma en la Liga de Fuerteventura en la temporada 25\/26, sino que suma de forma especial para reforzar la labor diaria que realiza la Fundaci\u00f3n Peque\u00f1o Valiente.<\/p>\n<p>La Fundaci\u00f3n Canaria Peque\u00f1o Valiente tiene como misi\u00f3n mejorar la calidad de vida de los menores con c\u00e1ncer y apoyar a sus familias, ofreciendo respaldo psicol\u00f3gico, atenci\u00f3n social, ayudas econ\u00f3micas, servicios de logopedia y fisioterapia, e incluso viviendas de acogida a las familias que deben desplazarse para los tratamientos, entre algunas de sus atenciones.<\/p>\n<p>El Municipio de Antigua se caracteriza y as\u00ed lo ha demostrado en numerosas ocasiones por el car\u00e1cter solidario y comprometido de sus vecinos y vecinas, y esta luchada es una nueva oportunidad en la que nuestra asistencia llene de nuevo las gradas del Terrero de Lucha de Antigua.<\/p>\n<p>\u00a0<\/p>\n<\/div>\n","protected":false},"excerpt":{"rendered":"<p><strong>El Ayuntamiento y el CL Uni\u00f3n Antigua animan a asistir a la Luchada Solidaria en favor de Peque\u00f1o Valiente<\/strong><\/p>\n","protected":false},"author":1,"featured_media":15960,"comment_status":"open","ping_status":"open","sticky":false,"template":"","format":"standard","meta":{"inline_featured_image":false,"jnews-multi-image_gallery":[],"jnews_single_post":[],"jnews_primary_category":[],"jnews_social_meta":[],"jnews_override_counter":[],"jnews_post_split":[],"footnotes":""},"categories":[59],"tags":[82],"class_list":["post-15958","post","type-post","status-publish","format-standard","has-post-thumbnail","hentry","category-antigua","tag-fuerteventura"],"jetpack_featured_media_url":"https:\/\/informacionlocal.es\/wp-content\/uploads\/2026\/01\/612128757_18320939068216504_3982783019474787654_n.jpg","_links":{"self":[{"href":"https:\/\/informacionlocal.es\/en\/wp-json\/wp\/v2\/posts\/15958","targetHints":{"allow":["GET"]}}],"collection":[{"href":"https:\/\/informacionlocal.es\/en\/wp-json\/wp\/v2\/posts"}],"about":[{"href":"https:\/\/informacionlocal.es\/en\/wp-json\/wp\/v2\/types\/post"}],"author":[{"embeddable":true,"href":"https:\/\/informacionlocal.es\/en\/wp-json\/wp\/v2\/users\/1"}],"replies":[{"embeddable":true,"href":"https:\/\/informacionlocal.es\/en\/wp-json\/wp\/v2\/comments?post=15958"}],"version-history":[{"count":0,"href":"https:\/\/informacionlocal.es\/en\/wp-json\/wp\/v2\/posts\/15958\/revisions"}],"wp:featuredmedia":[{"embeddable":true,"href":"https:\/\/informacionlocal.es\/en\/wp-json\/wp\/v2\/media\/15960"}],"wp:attachment":[{"href":"https:\/\/informacionlocal.es\/en\/wp-json\/wp\/v2\/media?parent=15958"}],"wp:term":[{"taxonomy":"category","embeddable":true,"href":"https:\/\/informacionlocal.es\/en\/wp-json\/wp\/v2\/categories?post=15958"},{"taxonomy":"post_tag","embeddable":true,"href":"https:\/\/informacionlocal.es\/en\/wp-json\/wp\/v2\/tags?post=15958"}],"curies":[{"name":"wp","href":"https:\/\/api.w.org\/{rel}","templated":true}]}}