{"id":15946,"date":"2026-01-08T12:59:37","date_gmt":"2026-01-08T12:59:37","guid":{"rendered":"https:\/\/informacionlocal.es\/la-oliva-refuerza-la-seguridad-con-la-presentacion-del-primer-cecopal-de-fuerteventura\/"},"modified":"2026-01-08T12:59:37","modified_gmt":"2026-01-08T12:59:37","slug":"la-oliva-refuerza-la-seguridad-con-la-presentacion-del-primer-cecopal-de-fuerteventura","status":"publish","type":"post","link":"https:\/\/informacionlocal.es\/en\/la-oliva-refuerza-la-seguridad-con-la-presentacion-del-primer-cecopal-de-fuerteventura\/","title":{"rendered":"La Oliva refuerza la seguridad con la presentaci\u00f3n del primer CECOPAL de Fuerteventura"},"content":{"rendered":"<p>M\u00e1s seguridad y coordinaci\u00f3n frente a fen\u00f3menos meteorol\u00f3gicos adversos, incendios, emergencias sanitarias, eventos multitudinarios e incidentes de diferentes \u00edndoles. Esto es lo que promete el nuevo Centro de Coordinaci\u00f3n Operativa Municipal (CECOPAL), el primer \u00f3rgano de Fuerteventura encargado de dirigir y coordinar la respuesta centralizada del Ayuntamiento ante cualquier tipo de emergencia que afecte al municipio de La Oliva. <\/p>\n<p>Su objetivo principal es garantizar la seguridad de la poblaci\u00f3n y la continuidad de los servicios esenciales actuando, de este modo, como punto \u00fanico de mando y coordinaci\u00f3n.<\/p>\n<p>La Concejal\u00eda de Seguridad Ciudadana con el propio alcalde, Isa\u00ed Blanco, al frente de la gesti\u00f3n, consigue desarrollar este nuevo centro que permitir\u00e1 recopilar informaci\u00f3n en tiempo real de la Polic\u00eda Local, Protecci\u00f3n Civil, servicios municipales, as\u00ed como otros organismos en caso de emergencia. En este sentido, desde este punto se evaluar\u00e1 la situaci\u00f3n con el fin de tomar decisiones estrat\u00e9gicas que deriven en la coordinaci\u00f3n y movilizaci\u00f3n de los recursos personales y materiales.<\/p>\n<p>En este sentido, se coordinar\u00e1 al un\u00edsono Polic\u00eda Local, Protecci\u00f3n Civil, Bomberos, Socorristas, servicios de obras y tr\u00e1fico, limpieza, servicios sociales, medio ambiente, agua, saneamiento y alumbrado adem\u00e1s del personal t\u00e9cnico especializado. Todo ello confluir\u00e1 en una respuesta integral del municipio, desde el control del tr\u00e1fico hasta la puesta en marcha de alojamientos de emergencia, pasando por cortes preventivos de v\u00edas o trabajos de limpieza y seguridad.<\/p>\n<p>El alcalde, Isa\u00ed Blanco, declara la importancia que supone disponer del primer CECOPAL de Fuerteventura: \u201cEl CECOPAL supone un avance clave en materia de seguridad y coordinaci\u00f3n en caso de cualquier tipo de emergencia o evento al que deba de hacer frente el municipio. Una actuaci\u00f3n que refuerza las medidas ya tomadas desde comienzo de legislatura como aumento de los agentes de Polic\u00eda Local, instalaci\u00f3n de c\u00e1maras de v\u00eddeovigilancia, implementaci\u00f3n de la Unidad Canina y recuperaci\u00f3n de los agentes de la UMA. Se trata, sin duda, de un ejemplo m\u00e1s en el que reforzamos nuestro compromiso con la prevenci\u00f3n, planificaci\u00f3n y gesti\u00f3n de los recursos personales y materiales en caso de emergencia.\u201d<\/p>\n<p>Adem\u00e1s, la presidenta del Cabildo de Fuerteventura, Lola Garc\u00eda, manifiesta: \u201cEste centro es fundamental para coordinar esas emergencias en el municipio, con un papel fundamental por parte del Gobierno de Canarias, que a trav\u00e9s de la colaboraci\u00f3n de la Consejer\u00eda de Emergencia que dirige Manolo Miranda, ha permitido crear el primer CECOPAL de Fuerteventura. En este sentido, este centro nos ofrece la posibilidad no solo de poder coordinar las emergencias aqu\u00ed, sino tambi\u00e9n estar en contacto directo con el Gobierno para que pueda poner a disposici\u00f3n del municipio los recursos que sean necesarios, sobre todo en una Isla que, como estamos viendo, tambi\u00e9n se ve afectada por los fen\u00f3menos meteorol\u00f3gicos adversos.<\/p>\n<p>Por su parte, el primer teniente alcalde, Julio Santana, explica que: \u201cInvertir en este tipo de centros es invertir en la seguridad de nuestros vecinos y visitantes, y por eso queremos seguir trabajando mano a mano y codo a codo con otras administraciones para seguir ampliando todo este tipo de servicios y dar esa seguridad que se merecen nuestros vecinos.\u201d<\/p>\n<p>Una actuaci\u00f3n que refuerza la estrategia seguida por el grupo de gobierno municipal por trabajar en favor de la mejora de seguridad y emergencias ofrecidas en La Oliva desde el comienzo de mandato.<\/p>\n","protected":false},"excerpt":{"rendered":"<p><span>El nuevo Centro de Coordinaci\u00f3n Operativa Municipal se ubica en Corralejo, en una sala anexa a la Polic\u00eda Local del municipio con el fin de dirigir, coordinar y dar una respuesta inmediata a cualquier tipo de emergencia que afecte al norte de la Isla<\/span><\/p>\n","protected":false},"author":1,"featured_media":15948,"comment_status":"open","ping_status":"open","sticky":false,"template":"","format":"standard","meta":{"inline_featured_image":false,"jnews-multi-image_gallery":[],"jnews_single_post":[],"jnews_primary_category":[],"jnews_social_meta":[],"jnews_override_counter":[],"jnews_post_split":[],"footnotes":""},"categories":[62],"tags":[304,82,76,182],"class_list":["post-15946","post","type-post","status-publish","format-standard","has-post-thumbnail","hentry","category-la-oliva","tag-emergencias","tag-fuerteventura","tag-medio-ambiente","tag-seguridad"],"jetpack_featured_media_url":"https:\/\/informacionlocal.es\/wp-content\/uploads\/2026\/01\/5287_bc087841.png","_links":{"self":[{"href":"https:\/\/informacionlocal.es\/en\/wp-json\/wp\/v2\/posts\/15946","targetHints":{"allow":["GET"]}}],"collection":[{"href":"https:\/\/informacionlocal.es\/en\/wp-json\/wp\/v2\/posts"}],"about":[{"href":"https:\/\/informacionlocal.es\/en\/wp-json\/wp\/v2\/types\/post"}],"author":[{"embeddable":true,"href":"https:\/\/informacionlocal.es\/en\/wp-json\/wp\/v2\/users\/1"}],"replies":[{"embeddable":true,"href":"https:\/\/informacionlocal.es\/en\/wp-json\/wp\/v2\/comments?post=15946"}],"version-history":[{"count":0,"href":"https:\/\/informacionlocal.es\/en\/wp-json\/wp\/v2\/posts\/15946\/revisions"}],"wp:featuredmedia":[{"embeddable":true,"href":"https:\/\/informacionlocal.es\/en\/wp-json\/wp\/v2\/media\/15948"}],"wp:attachment":[{"href":"https:\/\/informacionlocal.es\/en\/wp-json\/wp\/v2\/media?parent=15946"}],"wp:term":[{"taxonomy":"category","embeddable":true,"href":"https:\/\/informacionlocal.es\/en\/wp-json\/wp\/v2\/categories?post=15946"},{"taxonomy":"post_tag","embeddable":true,"href":"https:\/\/informacionlocal.es\/en\/wp-json\/wp\/v2\/tags?post=15946"}],"curies":[{"name":"wp","href":"https:\/\/api.w.org\/{rel}","templated":true}]}}