{"id":15928,"date":"2026-01-07T17:59:45","date_gmt":"2026-01-07T17:59:45","guid":{"rendered":"https:\/\/informacionlocal.es\/puerto-del-rosario-a-traves-de-la-concejalia-de-turismo-impulsa-una-campana-de-publicidad-digital-internacional-basada-en-geolocalizacion\/"},"modified":"2026-01-07T17:59:45","modified_gmt":"2026-01-07T17:59:45","slug":"puerto-del-rosario-a-traves-de-la-concejalia-de-turismo-impulsa-una-campana-de-publicidad-digital-internacional-basada-en-geolocalizacion","status":"publish","type":"post","link":"https:\/\/informacionlocal.es\/en\/puerto-del-rosario-a-traves-de-la-concejalia-de-turismo-impulsa-una-campana-de-publicidad-digital-internacional-basada-en-geolocalizacion\/","title":{"rendered":"Puerto del Rosario, a trav\u00e9s de la concejal\u00eda de Turismo, impulsa una campa\u00f1a de publicidad digital internacional basada en geolocalizaci\u00f3n"},"content":{"rendered":"<div class=\"entry-content\">\n<p>La concejal\u00eda de Turismo de Puerto del Rosario pone en marcha una nueva campa\u00f1a internacional orientada a reforzar su posicionamiento como destino tur\u00edstico en mercados estrat\u00e9gicos europeos, mediante el uso de tecnolog\u00edas avanzadas de segmentaci\u00f3n digital.<\/p>\n<p>La campa\u00f1a digital tiene como objetivo impactar a personas interesadas en escaparse del fr\u00edo invernal de las ciudades elegidas.<\/p>\n<p>Durante un mes, la campa\u00f1a se difundir\u00e1 en cada una de las ciudades seleccionadas \u2014Helsinki, Copenhague y Z\u00farich\u2014, permitiendo una segmentaci\u00f3n por mercados y comportamientos de navegaci\u00f3n. Los impactos se realizar\u00e1n exclusivamente a ciudadanos que se encuentren f\u00edsicamente en estas ciudades, garantizando as\u00ed una comunicaci\u00f3n directa con p\u00fablicos potenciales de alto inter\u00e9s tur\u00edstico.<\/p>\n<p>El <strong>alcalde, David de Vera,<\/strong> destacaba que \u201cel turismo n\u00f3rdico siempre ha sido de un perfil medio-alto, atractivo para cualquier destino, y que Puerto del Rosario quiere promocionar ofreciendo nuestros paisajes, gastronom\u00eda, cultura, clima y otros atractivos\u201d.<\/p>\n<p>La <strong>concejala de Turismo, Rosa Rodr\u00edguez,<\/strong> resaltaba que \u201cen mercados como los europeos con vuelos directos, estamos poniendo en valor la identidad de Puerto del Rosario como capital de la isla, un destino que combina cultura, arte urbano, litoral y una oferta tur\u00edstica complementaria que enriquece la experiencia del visitante\u201d.<\/p>\n<p>La comunicaci\u00f3n se adaptar\u00e1 a los idiomas predominantes en cada ciudad, con el objetivo de mejorar la comprensi\u00f3n del mensaje, reforzar la cercan\u00eda con el usuario y maximizar la atenci\u00f3n y el recuerdo de marca del destino Puerto del Rosario.<\/p>\n<p>Con esta iniciativa, Turismo de Puerto del Rosario apuesta por una comunicaci\u00f3n eficiente, optimizando los recursos promocionales y fortaleciendo su presencia en mercados internacionales clave.<\/p>\n<\/div>\n","protected":false},"excerpt":{"rendered":"<p>La concejal\u00eda de Turismo de Puerto del Rosario pone en marcha una nueva campa\u00f1a internacional orientada a reforzar su posicionamiento como destino tur\u00edstico en mercados estrat\u00e9gicos europeos, mediante el uso [&hellip;]<\/p>\n","protected":false},"author":1,"featured_media":15930,"comment_status":"open","ping_status":"open","sticky":false,"template":"","format":"standard","meta":{"inline_featured_image":false,"jnews-multi-image_gallery":[],"jnews_single_post":[],"jnews_primary_category":[],"jnews_social_meta":[],"jnews_override_counter":[],"jnews_post_split":[],"footnotes":""},"categories":[61],"tags":[],"class_list":["post-15928","post","type-post","status-publish","format-standard","has-post-thumbnail","hentry","category-puerto-del-rosario"],"jetpack_featured_media_url":"https:\/\/informacionlocal.es\/wp-content\/uploads\/2026\/01\/dinamarca-26-estufa-jpeg.gif","_links":{"self":[{"href":"https:\/\/informacionlocal.es\/en\/wp-json\/wp\/v2\/posts\/15928","targetHints":{"allow":["GET"]}}],"collection":[{"href":"https:\/\/informacionlocal.es\/en\/wp-json\/wp\/v2\/posts"}],"about":[{"href":"https:\/\/informacionlocal.es\/en\/wp-json\/wp\/v2\/types\/post"}],"author":[{"embeddable":true,"href":"https:\/\/informacionlocal.es\/en\/wp-json\/wp\/v2\/users\/1"}],"replies":[{"embeddable":true,"href":"https:\/\/informacionlocal.es\/en\/wp-json\/wp\/v2\/comments?post=15928"}],"version-history":[{"count":0,"href":"https:\/\/informacionlocal.es\/en\/wp-json\/wp\/v2\/posts\/15928\/revisions"}],"wp:featuredmedia":[{"embeddable":true,"href":"https:\/\/informacionlocal.es\/en\/wp-json\/wp\/v2\/media\/15930"}],"wp:attachment":[{"href":"https:\/\/informacionlocal.es\/en\/wp-json\/wp\/v2\/media?parent=15928"}],"wp:term":[{"taxonomy":"category","embeddable":true,"href":"https:\/\/informacionlocal.es\/en\/wp-json\/wp\/v2\/categories?post=15928"},{"taxonomy":"post_tag","embeddable":true,"href":"https:\/\/informacionlocal.es\/en\/wp-json\/wp\/v2\/tags?post=15928"}],"curies":[{"name":"wp","href":"https:\/\/api.w.org\/{rel}","templated":true}]}}