{"id":15916,"date":"2026-01-05T18:59:57","date_gmt":"2026-01-05T18:59:57","guid":{"rendered":"https:\/\/informacionlocal.es\/el-cabildo-reconoce-el-talento-majorero-en-la-gala-de-maxo-arte-joven\/"},"modified":"2026-01-05T18:59:57","modified_gmt":"2026-01-05T18:59:57","slug":"el-cabildo-reconoce-el-talento-majorero-en-la-gala-de-maxo-arte-joven","status":"publish","type":"post","link":"https:\/\/informacionlocal.es\/en\/el-cabildo-reconoce-el-talento-majorero-en-la-gala-de-maxo-arte-joven\/","title":{"rendered":"El Cabildo reconoce el talento majorero en la gala de Maxo Arte Joven"},"content":{"rendered":"<div class=\"entry-content\"><strong>2 enero, 2026<\/strong><\/p>\n<p><strong><em>El certamen Maxo Arte Joven cumple 25 a\u00f1os, como iniciativa pionera y \u00fanica en Canarias<\/em><\/strong><\/p>\n<p>El Cabildo de Fuerteventura celebr\u00f3 este viernes la gala del certamen Maxo Arte Joven, un evento que puso en valor el talento emergente de la isla y entreg\u00f3 57 premios a los diferentes creadores en distintas disciplinas art\u00edsticas. El acto tuvo lugar en el Centro Insular de Juventud, donde se inaugur\u00f3, adem\u00e1s, la exposici\u00f3n con las obras participantes, que recorrer\u00e1 posteriormente diferentes espacios de la isla.<\/p>\n<p>Maxo Arte Joven cumple 25 a\u00f1os, consolid\u00e1ndose como una de las principales iniciativas de apoyo a la juventud creadora y al desarrollo cultural desde edades tempranas.<\/p>\n<p>Durante la gala, la presidenta insular, Lola Garc\u00eda, felicit\u00f3 a los ganadores y agradeci\u00f3 la participaci\u00f3n, subrayando que \u201chace 25 a\u00f1os, Fuerteventura hizo una apuesta clara por dar voz al talento de la juventud con Maxo Arte Joven, una iniciativa pensada para ofrecer oportunidades reales, para dar visibilidad y apoyo a quienes apuestan por el arte como forma de expresi\u00f3n y tambi\u00e9n como camino de futuro\u201d.<\/p>\n<p>Por su parte, el consejero de Juventud, Adargoma Hern\u00e1ndez, destac\u00f3 que \u201ceste es un a\u00f1o especial por el aniversario de Maxo Arte Joven, que se ha convertido en un punto de encuentro donde podemos ver el gran talento de la juventud de Fuerteventura. Tenemos que felicitar a los y las participantes por compartir ese talento\u201d.<\/p>\n<p>En la gala participaron, adem\u00e1s, el director general de Juventud del Gobierno de Canarias, Daniel Morales, la consejera de Hacienda, Promoci\u00f3n Econ\u00f3mica y Fomento del Empleo, Nuria Cabrera, las consejeras de la oposici\u00f3n \u00c1gueda Montelongo y Sonia \u00c1lamo, con la presencia, asimismo, de las concejalas Jennifer P\u00e9rez y Mar\u00eda Franco del Ayuntamiento de Puerto del Rosario.<\/p>\n<p>El certamen reuni\u00f3 obras en una amplia variedad de modalidades art\u00edsticas, que abarcan las artes visuales, literarias, musicales y esc\u00e9nicas. Entre ellas destacan la fotograf\u00eda en sus vertientes documental, art\u00edstica y de naturaleza; la pintura, el dibujo, el dise\u00f1o gr\u00e1fico y textil, la escultura e instalaci\u00f3n y el c\u00f3mic. Tambi\u00e9n tuvieron un peso importante las modalidades literarias, con narrativa y poes\u00eda, as\u00ed como la m\u00fasica, que incluy\u00f3 m\u00fasica cl\u00e1sica, canci\u00f3n de autor y otras propuestas musicales. El certamen se completa con disciplinas como las artes esc\u00e9nicas y la cinematograf\u00eda, reflejando la diversidad creativa de la juventud majorera.<\/p>\n<p>Las personas premiadas pueden consultarse en la web oficial del Cabildo de Fuerteventura:\u00a0https:\/\/www.cabildofuer.es\/cabildo\/areas-tematicas\/juventud\/<\/p>\n<p>Adem\u00e1s, existe a disposici\u00f3n un cat\u00e1logo online donde pueden verse las obras ganadoras de las diferentes ediciones:\u00a0https:\/\/maxoartejoven.com\/Asimismo, el Cabildo recuerda que el Maxo Arte Market Navidad regresar\u00e1 al Centro Insular de Juventud a partir de ma\u00f1ana y hasta el 5 de enero de 2026, celebrando su tercera edici\u00f3n como un espacio de encuentro y visibilidad para j\u00f3venes creadores y creadoras de la isla, que podr\u00e1n mostrar y comercializar sus obras en un entorno abierto al p\u00fablico.<\/p>\n<\/div>\n","protected":false},"excerpt":{"rendered":"<p>2 enero, 2026 El certamen Maxo Arte Joven cumple 25 a\u00f1os, como iniciativa pionera y \u00fanica en Canarias El Cabildo de Fuerteventura celebr\u00f3 este viernes la gala del certamen Maxo [&hellip;]<\/p>\n","protected":false},"author":1,"featured_media":15918,"comment_status":"open","ping_status":"open","sticky":false,"template":"","format":"standard","meta":{"inline_featured_image":false,"jnews-multi-image_gallery":[],"jnews_single_post":[],"jnews_primary_category":[],"jnews_social_meta":[],"jnews_override_counter":[],"jnews_post_split":[],"footnotes":""},"categories":[58],"tags":[82],"class_list":["post-15916","post","type-post","status-publish","format-standard","has-post-thumbnail","hentry","category-cabildo","tag-fuerteventura"],"jetpack_featured_media_url":"https:\/\/informacionlocal.es\/wp-content\/uploads\/2026\/01\/1767611143-718623e1d1d1ac64a2ea0010e4e28e8e.jpg","_links":{"self":[{"href":"https:\/\/informacionlocal.es\/en\/wp-json\/wp\/v2\/posts\/15916","targetHints":{"allow":["GET"]}}],"collection":[{"href":"https:\/\/informacionlocal.es\/en\/wp-json\/wp\/v2\/posts"}],"about":[{"href":"https:\/\/informacionlocal.es\/en\/wp-json\/wp\/v2\/types\/post"}],"author":[{"embeddable":true,"href":"https:\/\/informacionlocal.es\/en\/wp-json\/wp\/v2\/users\/1"}],"replies":[{"embeddable":true,"href":"https:\/\/informacionlocal.es\/en\/wp-json\/wp\/v2\/comments?post=15916"}],"version-history":[{"count":0,"href":"https:\/\/informacionlocal.es\/en\/wp-json\/wp\/v2\/posts\/15916\/revisions"}],"wp:featuredmedia":[{"embeddable":true,"href":"https:\/\/informacionlocal.es\/en\/wp-json\/wp\/v2\/media\/15918"}],"wp:attachment":[{"href":"https:\/\/informacionlocal.es\/en\/wp-json\/wp\/v2\/media?parent=15916"}],"wp:term":[{"taxonomy":"category","embeddable":true,"href":"https:\/\/informacionlocal.es\/en\/wp-json\/wp\/v2\/categories?post=15916"},{"taxonomy":"post_tag","embeddable":true,"href":"https:\/\/informacionlocal.es\/en\/wp-json\/wp\/v2\/tags?post=15916"}],"curies":[{"name":"wp","href":"https:\/\/api.w.org\/{rel}","templated":true}]}}