{"id":15904,"date":"2026-01-05T12:01:19","date_gmt":"2026-01-05T12:01:19","guid":{"rendered":"https:\/\/informacionlocal.es\/ampuyenta-abre-la-tercera-edicion-del-certamen-literario-doctor-mena\/"},"modified":"2026-01-05T12:01:19","modified_gmt":"2026-01-05T12:01:19","slug":"ampuyenta-abre-la-tercera-edicion-del-certamen-literario-doctor-mena","status":"publish","type":"post","link":"https:\/\/informacionlocal.es\/en\/ampuyenta-abre-la-tercera-edicion-del-certamen-literario-doctor-mena\/","title":{"rendered":"Ampuyenta abre la tercera edici\u00f3n del Certamen Literario \u2018Doctor Mena\u2019"},"content":{"rendered":"<div class=\"entry-content\"><strong>5 enero, 2026<\/strong><\/p>\n<p><strong><em>La iniciativa invita a participar en un encuentro literario que<br \/>\nune creaci\u00f3n art\u00edstica y puesta en valor del patrimonio hist\u00f3rico<\/em><\/strong><\/p>\n<p>La Asociaci\u00f3n de Vecinos San Pedro Alc\u00e1ntara, en coordinaci\u00f3n con<br \/>\nMuseos de Fuerteventura, organiza la celebraci\u00f3n del III Concurso y Certamen<br \/>\nLiterario \u2018Doctor Mena\u2019, que se celebrar\u00e1 el 16 de enero en el Complejo<br \/>\nPatrimonial y Cultural de La Ampuyenta, sede de la Casa Museo Doctor Mena. <\/p>\n<p>El certamen, de car\u00e1cter gratuito, reafirma el compromiso del<br \/>\npueblo de Ampuyenta con la cultura y la puesta en valor de su patrimonio<br \/>\nhist\u00f3rico. Pueden participar personas mayores de edad residentes en Canarias a<br \/>\nparticipar en las modalidades de poema y microrrelato, con tem\u00e1tica libre,<br \/>\nconsolid\u00e1ndose como un espacio de encuentro para la creatividad literaria del<br \/>\nArchipi\u00e9lago.<\/p>\n<p>Las obras podr\u00e1n presentarse hasta el 9 de enero y el resultado<br \/>\ndel jurado se dar\u00e1 a conocer durante el acto literario y la ceremonia de<br \/>\nentrega de premios. En este encuentro, los participantes podr\u00e1n compartir la<br \/>\nlectura de sus textos, favoreciendo un ambiente de intercambio cultural y<br \/>\ncercan\u00eda con el p\u00fablico.<\/p>\n<p>El consejero insular de Cultura, Rayco Le\u00f3n, ha querido destacar<br \/>\nla importancia de esta convocatoria, subrayando que \u201ciniciativas como el<br \/>\nCertamen Literario \u2018Doctor Mena\u2019 ponen en valor el compromiso de los vecinos y<br \/>\nvecinas de Ampuyenta por fomentar la cultura y destacar el patrimonio de la<br \/>\nzona hist\u00f3rica del pueblo\u201d. <\/p>\n<p>El certamen contempla premios en met\u00e1lico y trofeos para las tres<br \/>\nmejores obras de cada categor\u00eda, siendo para el primero 150 euros, para el<br \/>\nsegundo 100 y para el tercero 75. Adem\u00e1s, se proceder\u00e1 a una selecci\u00f3n de textos<br \/>\npara su publicaci\u00f3n en un libro colectivo que reunir\u00e1 los trabajos m\u00e1s<br \/>\ndestacados. <\/p>\n<p>Las bases pueden consultarse a trav\u00e9s de culturafuerteventura.es.<\/p>\n<\/div>\n","protected":false},"excerpt":{"rendered":"<p>5 enero, 2026 La iniciativa invita a participar en un encuentro literario que une creaci\u00f3n art\u00edstica y puesta en valor del patrimonio hist\u00f3rico La Asociaci\u00f3n de Vecinos San Pedro Alc\u00e1ntara, [&hellip;]<\/p>\n","protected":false},"author":1,"featured_media":15906,"comment_status":"open","ping_status":"open","sticky":false,"template":"","format":"standard","meta":{"inline_featured_image":false,"jnews-multi-image_gallery":[],"jnews_single_post":[],"jnews_primary_category":[],"jnews_social_meta":[],"jnews_override_counter":[],"jnews_post_split":[],"footnotes":""},"categories":[58],"tags":[82],"class_list":["post-15904","post","type-post","status-publish","format-standard","has-post-thumbnail","hentry","category-cabildo","tag-fuerteventura"],"jetpack_featured_media_url":"https:\/\/informacionlocal.es\/wp-content\/uploads\/2026\/01\/iii-concurso-y-certamen-literario-e28098doctor-mena.png","_links":{"self":[{"href":"https:\/\/informacionlocal.es\/en\/wp-json\/wp\/v2\/posts\/15904","targetHints":{"allow":["GET"]}}],"collection":[{"href":"https:\/\/informacionlocal.es\/en\/wp-json\/wp\/v2\/posts"}],"about":[{"href":"https:\/\/informacionlocal.es\/en\/wp-json\/wp\/v2\/types\/post"}],"author":[{"embeddable":true,"href":"https:\/\/informacionlocal.es\/en\/wp-json\/wp\/v2\/users\/1"}],"replies":[{"embeddable":true,"href":"https:\/\/informacionlocal.es\/en\/wp-json\/wp\/v2\/comments?post=15904"}],"version-history":[{"count":0,"href":"https:\/\/informacionlocal.es\/en\/wp-json\/wp\/v2\/posts\/15904\/revisions"}],"wp:featuredmedia":[{"embeddable":true,"href":"https:\/\/informacionlocal.es\/en\/wp-json\/wp\/v2\/media\/15906"}],"wp:attachment":[{"href":"https:\/\/informacionlocal.es\/en\/wp-json\/wp\/v2\/media?parent=15904"}],"wp:term":[{"taxonomy":"category","embeddable":true,"href":"https:\/\/informacionlocal.es\/en\/wp-json\/wp\/v2\/categories?post=15904"},{"taxonomy":"post_tag","embeddable":true,"href":"https:\/\/informacionlocal.es\/en\/wp-json\/wp\/v2\/tags?post=15904"}],"curies":[{"name":"wp","href":"https:\/\/api.w.org\/{rel}","templated":true}]}}