{"id":15892,"date":"2026-01-04T14:58:33","date_gmt":"2026-01-04T14:58:33","guid":{"rendered":"https:\/\/informacionlocal.es\/la-magia-de-los-reyes-magos-en-temprana-cabalgata-y-sobre-sus-camellos-iluminara-antigua-y-caleta-de-fuste\/"},"modified":"2026-01-04T14:58:33","modified_gmt":"2026-01-04T14:58:33","slug":"la-magia-de-los-reyes-magos-en-temprana-cabalgata-y-sobre-sus-camellos-iluminara-antigua-y-caleta-de-fuste","status":"publish","type":"post","link":"https:\/\/informacionlocal.es\/en\/la-magia-de-los-reyes-magos-en-temprana-cabalgata-y-sobre-sus-camellos-iluminara-antigua-y-caleta-de-fuste\/","title":{"rendered":"La Magia de los Reyes Magos en temprana cabalgata y sobre sus camellos iluminar\u00e1 Antigua y Caleta de Fuste"},"content":{"rendered":"<div class=\"elementor-widget-container\">\n<p><strong>La Magia de los Reyes Magos en temprana cabalgata y sobre sus camellos iluminar\u00e1 Antigua y Caleta de Fuste<\/strong><\/p>\n<p><strong>\u2022 Sus Majestades de Oriente aceptan recorrer este lunes 5 de enero por la tarde y temprano, las calles de Caleta de Fuste y Antigua para evitar resfriados a grandes y peque\u00f1os, afirma el alcalde, Mat\u00edas Pe\u00f1a. <\/strong><br \/><strong>\u2022 Las comitivas saldr\u00e1n desde el Muelle de El Castillo a las 16:00 horas y bajar\u00e1n la monta\u00f1a desde El Durazno hacia Antigua a las 18:00 horas. <\/strong><br \/><strong>\u2022 Tras recibir la Llave Maestra de manos del alcalde, en una tradicional ceremonia, los reyes Magos recibir\u00e1n a los ni\u00f1os y ni\u00f1as para escuchar sus peticiones en las plazas de Caleta de Fuste y Antigua.<\/strong><\/p>\n<p>El Ayuntamiento de Antigua se prepara para la noche m\u00e1s m\u00e1gica del a\u00f1o. Como es tradici\u00f3n, Sus Majestades los Reyes Magos de Oriente visitar\u00e1n en Cabalgata, Caleta de Fuste y Antigua, este lunes, 5 de enero, recorriendo sobre regios camellos y acompa\u00f1ados de una comitiva de pajes reales batucadas y personajes espectaculares, llenando de luz, color y caramelos las calles.<\/p>\n<p>El concejal de Cultura, Jonathan Pe\u00f1a, coordinador de ambas Cabalgatas majestuosas recuerda que Sus Majestades los Reyes Magos iniciar\u00e1n su recorrido en Caleta de Fuste desde el muelle a las 16:00 horas recorriendo calles principales hasta la plaza El Castillo, para seguidamente iniciar su descenso desde la monta\u00f1a del Durazno a las 18:00 horas destino a la plaza de Antigua.<\/p>\n<p>En ambas plazas tendr\u00e1 lugar la tradicional ceremonia, en la que el alcalde hace entrega a Sus Majestades de Oriente de la Llave maestra que abre todas las puertas de las casas en el Municipio, dando comienzo a la recepci\u00f3n que ofrecen los Reyes Magos para escuchar a todos los ni\u00f1os y ni\u00f1as sus peticiones y sus sue\u00f1os.<\/p>\n<p>El alcalde, Mat\u00edas Pe\u00f1a Garc\u00eda, invita a todas las personas, vecinos y familias, a participar en esta celebraci\u00f3n, que promete ser un momento inolvidable y una oportunidad perfecta para cerrar las festividades navide\u00f1as de la mejor manera posible.<\/p>\n<\/div>\n","protected":false},"excerpt":{"rendered":"<p><strong>La Magia de los Reyes Magos en temprana cabalgata y sobre sus camellos iluminar\u00e1 Antigua y Caleta de Fuste<\/strong><\/p>\n","protected":false},"author":1,"featured_media":15894,"comment_status":"open","ping_status":"open","sticky":false,"template":"","format":"standard","meta":{"inline_featured_image":false,"jnews-multi-image_gallery":[],"jnews_single_post":[],"jnews_primary_category":[],"jnews_social_meta":[],"jnews_override_counter":[],"jnews_post_split":[],"footnotes":""},"categories":[59],"tags":[],"class_list":["post-15892","post","type-post","status-publish","format-standard","has-post-thumbnail","hentry","category-antigua"],"jetpack_featured_media_url":"https:\/\/informacionlocal.es\/wp-content\/uploads\/2026\/01\/cabalgata-sus-majestades-de-oriente-en-el-castillo-imagen-de-archivo-scaled-1.jpg","_links":{"self":[{"href":"https:\/\/informacionlocal.es\/en\/wp-json\/wp\/v2\/posts\/15892","targetHints":{"allow":["GET"]}}],"collection":[{"href":"https:\/\/informacionlocal.es\/en\/wp-json\/wp\/v2\/posts"}],"about":[{"href":"https:\/\/informacionlocal.es\/en\/wp-json\/wp\/v2\/types\/post"}],"author":[{"embeddable":true,"href":"https:\/\/informacionlocal.es\/en\/wp-json\/wp\/v2\/users\/1"}],"replies":[{"embeddable":true,"href":"https:\/\/informacionlocal.es\/en\/wp-json\/wp\/v2\/comments?post=15892"}],"version-history":[{"count":0,"href":"https:\/\/informacionlocal.es\/en\/wp-json\/wp\/v2\/posts\/15892\/revisions"}],"wp:featuredmedia":[{"embeddable":true,"href":"https:\/\/informacionlocal.es\/en\/wp-json\/wp\/v2\/media\/15894"}],"wp:attachment":[{"href":"https:\/\/informacionlocal.es\/en\/wp-json\/wp\/v2\/media?parent=15892"}],"wp:term":[{"taxonomy":"category","embeddable":true,"href":"https:\/\/informacionlocal.es\/en\/wp-json\/wp\/v2\/categories?post=15892"},{"taxonomy":"post_tag","embeddable":true,"href":"https:\/\/informacionlocal.es\/en\/wp-json\/wp\/v2\/tags?post=15892"}],"curies":[{"name":"wp","href":"https:\/\/api.w.org\/{rel}","templated":true}]}}