{"id":15886,"date":"2026-01-02T18:58:32","date_gmt":"2026-01-02T18:58:32","guid":{"rendered":"https:\/\/informacionlocal.es\/gran-cabalgata-de-ssmm-los-reyes-magos-en-puerto-del-rosario\/"},"modified":"2026-01-02T18:58:32","modified_gmt":"2026-01-02T18:58:32","slug":"gran-cabalgata-de-ssmm-los-reyes-magos-en-puerto-del-rosario","status":"publish","type":"post","link":"https:\/\/informacionlocal.es\/en\/gran-cabalgata-de-ssmm-los-reyes-magos-en-puerto-del-rosario\/","title":{"rendered":"Gran Cabalgata de SSMM los Reyes Magos en Puerto del Rosario"},"content":{"rendered":"<div class=\"entry-content\">\n<p>Puerto del Rosario se prepara para recibir la tan esperada Cabalgata de Reyes Magos, una tradici\u00f3n que llena de ilusi\u00f3n y magia las calles de nuestra ciudad.<\/p>\n<p>EL 05 de enero, los Reyes Magos llegan cargados de alegr\u00eda para recorrer las principales avenidas de la capital majorera en una jornada especial para grandes y peque\u00f1os.<\/p>\n<p>A las 11:30 SM Los Reyes de Oriente hacen su tradicional visita al hospital.<\/p>\n<p>La cabalgata contar\u00e1 con un tramo amable, sin ruido, para ni\u00f1os y ni\u00f1as con trastorno del espectro autista (TEA)<\/p>\n<p>El Tren Real permitir\u00e1 la participaci\u00f3n de las personas con movilidad reducida.<\/p>\n<p>La salida de la cabalgata ser\u00e1 a las 17:30 horas desde el Muelle Comercial, y recorrer\u00e1 el centro de Puerto del Rosario hasta llegar al Bel\u00e9n Gigante, donde los Reyes Magos har\u00e1n su parada para saludar a todos los asistentes. Esta celebraci\u00f3n ser\u00e1 una oportunidad para que los ciudadanos disfruten de este evento con la llegada de Sus Majestades y la oportunidad de visitar el Bel\u00e9n Gigante.<\/p>\n<p>Aprovechamos la ocasi\u00f3n para agradecer a la Fundaci\u00f3n \u201cChekipa\u201d y a los colectivos y asociaciones por su inestimable colaboraci\u00f3n en la organizaci\u00f3n de este evento.<\/p>\n<p><strong>Para el alcalde, David de Vera,<\/strong> \u201cse trata de un evento donde la ilusi\u00f3n compartida de los vecinos\/as y visitantes, especialmente de los m\u00e1s j\u00f3venes, hacen que la entrada de a\u00f1o tenga un componente especial donde miramos el futuro con ilusi\u00f3n renovada y los mejores deseos, disfrutando de esta Cabalgata tradicional\u201d.<\/p>\n<p><strong>Tacoremi Guti\u00e9rrez, concejala de festejos y bienestar animal,\u00a0destacaba que <em>\u201c<\/em><\/strong><em>entendemos las Cabalgatas de Reyes como un espacio de encuentro<\/em><em>, cultura y valores compartidos. Sumarnos a este modelo supone avanzar hacia una celebraci\u00f3n m\u00e1s coherente y participativa, donde el bienestar animal y la identidad cultural forman parte del relato\u201d.<\/em><\/p>\n<p>Se hace un llamamiento a todos los asistentes para que sigan las instrucciones de la organizaci\u00f3n en cuanto a la ubicaci\u00f3n de las personas durante el recorrido de la cabalgata.<\/p>\n<p>Agradecimiento especial a Autoridad Portuaria, Bomberos, Protecci\u00f3n Civil, Cruz Roja, Polic\u00eda Local y todos los que de una u otra forma hacen posible ese d\u00eda de ilusi\u00f3n para ni\u00f1os\/as y adultos.<\/p>\n<p>Animamos a todas las familias y ciudadanos de Puerto del Rosario y sus alrededores a unirse a esta celebraci\u00f3n, que promete ser un verdadero espect\u00e1culo para todas las edades.<\/p>\n<p>\u00a1No faltes a la cita con la magia de los Reyes Magos!<\/p>\n<\/div>\n","protected":false},"excerpt":{"rendered":"<p>Puerto del Rosario se prepara para recibir la tan esperada Cabalgata de Reyes Magos, una tradici\u00f3n que llena de ilusi\u00f3n y magia las calles de nuestra ciudad. EL 05 de [&hellip;]<\/p>\n","protected":false},"author":1,"featured_media":15888,"comment_status":"open","ping_status":"open","sticky":false,"template":"","format":"standard","meta":{"inline_featured_image":false,"jnews-multi-image_gallery":[],"jnews_single_post":[],"jnews_primary_category":[],"jnews_social_meta":[],"jnews_override_counter":[],"jnews_post_split":[],"footnotes":""},"categories":[61],"tags":[],"class_list":["post-15886","post","type-post","status-publish","format-standard","has-post-thumbnail","hentry","category-puerto-del-rosario"],"jetpack_featured_media_url":"https:\/\/informacionlocal.es\/wp-content\/uploads\/2026\/01\/cabalgata-t-1-baltasar-archivo.jpg","_links":{"self":[{"href":"https:\/\/informacionlocal.es\/en\/wp-json\/wp\/v2\/posts\/15886","targetHints":{"allow":["GET"]}}],"collection":[{"href":"https:\/\/informacionlocal.es\/en\/wp-json\/wp\/v2\/posts"}],"about":[{"href":"https:\/\/informacionlocal.es\/en\/wp-json\/wp\/v2\/types\/post"}],"author":[{"embeddable":true,"href":"https:\/\/informacionlocal.es\/en\/wp-json\/wp\/v2\/users\/1"}],"replies":[{"embeddable":true,"href":"https:\/\/informacionlocal.es\/en\/wp-json\/wp\/v2\/comments?post=15886"}],"version-history":[{"count":0,"href":"https:\/\/informacionlocal.es\/en\/wp-json\/wp\/v2\/posts\/15886\/revisions"}],"wp:featuredmedia":[{"embeddable":true,"href":"https:\/\/informacionlocal.es\/en\/wp-json\/wp\/v2\/media\/15888"}],"wp:attachment":[{"href":"https:\/\/informacionlocal.es\/en\/wp-json\/wp\/v2\/media?parent=15886"}],"wp:term":[{"taxonomy":"category","embeddable":true,"href":"https:\/\/informacionlocal.es\/en\/wp-json\/wp\/v2\/categories?post=15886"},{"taxonomy":"post_tag","embeddable":true,"href":"https:\/\/informacionlocal.es\/en\/wp-json\/wp\/v2\/tags?post=15886"}],"curies":[{"name":"wp","href":"https:\/\/api.w.org\/{rel}","templated":true}]}}