{"id":15862,"date":"2026-01-02T14:01:06","date_gmt":"2026-01-02T14:01:06","guid":{"rendered":"https:\/\/informacionlocal.es\/mercado-agricola-de-antigua-en-el-primer-domingo-de-mes-y-de-ano\/"},"modified":"2026-01-02T14:01:06","modified_gmt":"2026-01-02T14:01:06","slug":"mercado-agricola-de-antigua-en-el-primer-domingo-de-mes-y-de-ano","status":"publish","type":"post","link":"https:\/\/informacionlocal.es\/en\/mercado-agricola-de-antigua-en-el-primer-domingo-de-mes-y-de-ano\/","title":{"rendered":"Mercado Agr\u00edcola de Antigua en el primer domingo de mes y de a\u00f1o"},"content":{"rendered":"<div class=\"elementor-widget-container\">\n<p><strong>Mercado Agr\u00edcola de Antigua en el primer domingo de mes y de a\u00f1o<\/strong><\/p>\n<p><strong>\u2022 Este domingo 4 de enero de 09:00 a 14:00 horas en la plaza de Antigua.<\/strong><\/p>\n<p>Los productos locales m\u00e1s frescos y de calidad podr\u00e1n encontrarse en el Mercado Agr\u00edcola de Antigua este domingo, desde verduras, frutas y hortalizas, a quesos, salsas, mojos, quesos, y pescado seco para degustar desde rejos de pulpo sazonados, viejas y diversos moluscos.<\/p>\n<p>Una buena forma de comenzar el nuevo a\u00f1o es llenar nuestra despensa de productos frescos y de elaboraci\u00f3n artesanal, afirma el alcalde, Mat\u00edas Pe\u00f1a, por lo que animo a los vecinos y vecinas a asistir a este punto de encuentro en la plaza de Antigua, as\u00ed como invito a participar a los productores, agricultores y comerciantes del sector que lo deseen, ya que el Ayuntamiento dispone gratuitamente los stands, acondiciona el lugar y proporciona una promoci\u00f3n que impulsa sus ventas.<\/p>\n<p>El Ayuntamiento de Antigua desde la concejalia de Agricultura, Ganader\u00eda y Pesca que coordina Fernando Estupi\u00f1\u00e1n, organiza el Mercado Agr\u00edcola en su objetivo de apoyar e impulsar el producto y productores locales.<\/p>\n<p>El Mercado Agr\u00edcola de Antigua ofrece tambi\u00e9n dulces tradicionales, turrones, y postres variados, adem\u00e1s de pan y bizcochones, y a\u00f1ade el concejal Fernando Estupi\u00f1\u00e1n, un espacio de encuentro y cercan\u00eda con nuestros productos, un espacio por el que queremos apostar y mejorar en cada edici\u00f3n.<\/p>\n<p>\u00a0<\/p>\n<p>\u00a0<\/p>\n<\/div>\n","protected":false},"excerpt":{"rendered":"<p><strong>Mercado Agr\u00edcola de Antigua en el primer domingo de mes y de a\u00f1o<\/strong><\/p>\n","protected":false},"author":1,"featured_media":15864,"comment_status":"open","ping_status":"open","sticky":false,"template":"","format":"standard","meta":{"inline_featured_image":false,"jnews-multi-image_gallery":[],"jnews_single_post":[],"jnews_primary_category":[],"jnews_social_meta":[],"jnews_override_counter":[],"jnews_post_split":[],"footnotes":""},"categories":[59],"tags":[],"class_list":["post-15862","post","type-post","status-publish","format-standard","has-post-thumbnail","hentry","category-antigua"],"jetpack_featured_media_url":"https:\/\/informacionlocal.es\/wp-content\/uploads\/2026\/01\/mercado-agricola-este-domingo-en-antigua.jpg","_links":{"self":[{"href":"https:\/\/informacionlocal.es\/en\/wp-json\/wp\/v2\/posts\/15862","targetHints":{"allow":["GET"]}}],"collection":[{"href":"https:\/\/informacionlocal.es\/en\/wp-json\/wp\/v2\/posts"}],"about":[{"href":"https:\/\/informacionlocal.es\/en\/wp-json\/wp\/v2\/types\/post"}],"author":[{"embeddable":true,"href":"https:\/\/informacionlocal.es\/en\/wp-json\/wp\/v2\/users\/1"}],"replies":[{"embeddable":true,"href":"https:\/\/informacionlocal.es\/en\/wp-json\/wp\/v2\/comments?post=15862"}],"version-history":[{"count":0,"href":"https:\/\/informacionlocal.es\/en\/wp-json\/wp\/v2\/posts\/15862\/revisions"}],"wp:featuredmedia":[{"embeddable":true,"href":"https:\/\/informacionlocal.es\/en\/wp-json\/wp\/v2\/media\/15864"}],"wp:attachment":[{"href":"https:\/\/informacionlocal.es\/en\/wp-json\/wp\/v2\/media?parent=15862"}],"wp:term":[{"taxonomy":"category","embeddable":true,"href":"https:\/\/informacionlocal.es\/en\/wp-json\/wp\/v2\/categories?post=15862"},{"taxonomy":"post_tag","embeddable":true,"href":"https:\/\/informacionlocal.es\/en\/wp-json\/wp\/v2\/tags?post=15862"}],"curies":[{"name":"wp","href":"https:\/\/api.w.org\/{rel}","templated":true}]}}