{"id":15838,"date":"2025-12-30T17:58:26","date_gmt":"2025-12-30T17:58:26","guid":{"rendered":"https:\/\/informacionlocal.es\/comienza-el-reparto-del-tradicional-almanaque-de-antigua-mi-pueblo-mi-gente\/"},"modified":"2025-12-30T17:58:26","modified_gmt":"2025-12-30T17:58:26","slug":"comienza-el-reparto-del-tradicional-almanaque-de-antigua-mi-pueblo-mi-gente","status":"publish","type":"post","link":"https:\/\/informacionlocal.es\/en\/comienza-el-reparto-del-tradicional-almanaque-de-antigua-mi-pueblo-mi-gente\/","title":{"rendered":"Comienza el reparto del tradicional Almanaque de Antigua \u2018Mi Pueblo, mi gente\u2019"},"content":{"rendered":"<div class=\"elementor-widget-container\">\n<p><strong>Comienza el reparto del tradicional Almanaque de Antigua \u2018Mi Pueblo, mi gente\u2019<\/strong><\/p>\n<p><strong>\u2022 El alcalde, Mat\u00edas Pe\u00f1a Garc\u00eda entrega los primeros Calendarios de Antigua 2026, siendo protagonistas vecinos y vecinas de los diferentes pueblos del Municipio.<\/strong><\/p>\n<p><strong>\u2022 El Ayuntamiento de Antigua reparte 1.500 calendarios y agradece la participaci\u00f3n de cada vecino, vecina, deportistas, vendedores, jubilados y familiares que han participado en este nuevo almanaque.<\/strong><\/p>\n<p>El Almanaque de Antigua pone rostro al nuevo a\u00f1o 2026, siendo reflejo y reconocimiento a todas y todos los que forman parte de este pueblo, y aportan cada d\u00eda, con su forma de ser o con sus quehaceres, explica el alcalde, Mat\u00edas Pe\u00f1a Garc\u00eda, por eso hay un lema que une todos los meses y sus protagonistas, Mi gente, mi pueblo.<\/p>\n<p>Desde el joven Campe\u00f3n de Canarias de Trail, a nuestros tradicionales turroneros, o el pescador jubilado de Las Salinas, el alpinista internacional de ochomiles, el apreciado periodista con su conocido t\u00edo y comerciante de toda la vida, trabajadores que nos acompa\u00f1an en cada evento o d\u00eda a d\u00eda en sus tiendas, el luchador que crea escuela de nobleza, en resumen, gente de cada d\u00eda, de cada pueblo y con diferentes vidas, afirma el alcalde, protagonizan los doce meses del a\u00f1o del nuevo Almanaque de Antigua 2026.<\/p>\n<p>A todos los participantes en el Almanaque de Antigua, a\u00f1ade el alcalde, se les entrega su fotograf\u00eda enmarcada y calendarios, como recuerdo y para repartir a la familia. Las fotograf\u00edas han sido realizadas por el fot\u00f3grafo Gabriel Fuselli, destacando siempre calidad y cercan\u00eda.<\/p>\n<p>El Almanaque Antigua 2026 se\u00f1ala las fechas festivas en el Municipio, as\u00ed como incluye un calendario lunar solicitado por los propios vecinos y vecinas. S\u00f3lo deseo que les guste, afirma el alcalde, Mat\u00edas Pe\u00f1a, y que les resulte pr\u00e1ctico este nuevo Calendario que venimos editando en el Ayuntamiento de Antigua desde el 2022 festejando entonces el fina de la pandemia.<\/p>\n<p>Los 1.500 almanaques \u2018Mi pueblo, mi gente\u2019 se reparten en el Consistorio Municipal, la Tenencia de Alcald\u00eda en Caleta de Fuste, centros culturales, Biblioteca Municipal y Centro de Mayores de Antigua.<\/p>\n<\/div>\n","protected":false},"excerpt":{"rendered":"<p><strong>Comienza el reparto del tradicional Almanaque de Antigua \u2018Mi Pueblo, mi gente\u2019<\/strong><\/p>\n","protected":false},"author":1,"featured_media":15840,"comment_status":"open","ping_status":"open","sticky":false,"template":"","format":"standard","meta":{"inline_featured_image":false,"jnews-multi-image_gallery":[],"jnews_single_post":[],"jnews_primary_category":[],"jnews_social_meta":[],"jnews_override_counter":[],"jnews_post_split":[],"footnotes":""},"categories":[59],"tags":[],"class_list":["post-15838","post","type-post","status-publish","format-standard","has-post-thumbnail","hentry","category-antigua"],"jetpack_featured_media_url":"https:\/\/informacionlocal.es\/wp-content\/uploads\/2025\/12\/20251230_093116-scaled-1.jpg","_links":{"self":[{"href":"https:\/\/informacionlocal.es\/en\/wp-json\/wp\/v2\/posts\/15838","targetHints":{"allow":["GET"]}}],"collection":[{"href":"https:\/\/informacionlocal.es\/en\/wp-json\/wp\/v2\/posts"}],"about":[{"href":"https:\/\/informacionlocal.es\/en\/wp-json\/wp\/v2\/types\/post"}],"author":[{"embeddable":true,"href":"https:\/\/informacionlocal.es\/en\/wp-json\/wp\/v2\/users\/1"}],"replies":[{"embeddable":true,"href":"https:\/\/informacionlocal.es\/en\/wp-json\/wp\/v2\/comments?post=15838"}],"version-history":[{"count":0,"href":"https:\/\/informacionlocal.es\/en\/wp-json\/wp\/v2\/posts\/15838\/revisions"}],"wp:featuredmedia":[{"embeddable":true,"href":"https:\/\/informacionlocal.es\/en\/wp-json\/wp\/v2\/media\/15840"}],"wp:attachment":[{"href":"https:\/\/informacionlocal.es\/en\/wp-json\/wp\/v2\/media?parent=15838"}],"wp:term":[{"taxonomy":"category","embeddable":true,"href":"https:\/\/informacionlocal.es\/en\/wp-json\/wp\/v2\/categories?post=15838"},{"taxonomy":"post_tag","embeddable":true,"href":"https:\/\/informacionlocal.es\/en\/wp-json\/wp\/v2\/tags?post=15838"}],"curies":[{"name":"wp","href":"https:\/\/api.w.org\/{rel}","templated":true}]}}