{"id":15814,"date":"2025-12-30T12:59:23","date_gmt":"2025-12-30T12:59:23","guid":{"rendered":"https:\/\/informacionlocal.es\/esquinzo-se-prepara-para-una-mejora-integral-de-viales-y-espacios-publicos\/"},"modified":"2025-12-30T12:59:23","modified_gmt":"2025-12-30T12:59:23","slug":"esquinzo-se-prepara-para-una-mejora-integral-de-viales-y-espacios-publicos","status":"publish","type":"post","link":"https:\/\/informacionlocal.es\/en\/esquinzo-se-prepara-para-una-mejora-integral-de-viales-y-espacios-publicos\/","title":{"rendered":"Esquinzo se prepara para una mejora integral de viales y espacios p\u00fablicos\u00a0\u00a0"},"content":{"rendered":"<div class=\"entry-content\">\n<p><b><i>Esta actuaci\u00f3n supone garantizar accesibilidad, seguridad e infraestructuras modernas, mejorando la calidad de vida de los residentes<\/i><\/b><\/p>\n<p><b><i>El Ayuntamiento traslad\u00f3 hace unos meses a vecinos y vecinas de la localidad su compromiso de poner en marcha antes de final de a\u00f1o el proceso de reacondicionamiento urbano del n\u00facleo\u00a0<\/i><\/b><\/p>\n<p><span>La Concejal\u00eda de Oficina T\u00e9cnica y Urbanismo del Ayuntamiento de P\u00e1jara, dirigida por Alexis Alonso, ha puesto en marcha la redacci\u00f3n del proyecto y la direcci\u00f3n de las obras del reacondicionamiento de viales y espacios p\u00fablicos de Esquinzo. La inversi\u00f3n destinada a ello supera los 80.000 euros y tiene un plazo m\u00e1ximo de ejecuci\u00f3n de cuatro meses.\u00a0<\/span><\/p>\n<p><span>Esta actuaci\u00f3n es resultado de la gesti\u00f3n urban\u00edstica desarrollada en el presente mandato, que se inici\u00f3 con la ordenaci\u00f3n del \u00e1mbito a trav\u00e9s de la modificaci\u00f3n menor de planeamiento, permitiendo regularizar una zona que permanec\u00eda sin una ordenaci\u00f3n clara desde hace a\u00f1os.\u00a0<\/span><\/p>\n<p><span>El \u00e1mbito de intervenci\u00f3n incluye viales y espacios libres de uso p\u00fablico, as\u00ed como el acceso peatonal a la parada de guaguas situada en la carretera FV-602. El proyecto abordar\u00e1 la reordenaci\u00f3n de aceras y calzadas, la mejora de la accesibilidad universal \u2014en un entorno con pendientes medias elevadas\u2014 y la actualizaci\u00f3n de infraestructuras urbanas como alumbrado p\u00fablico, redes de abastecimiento, saneamiento, pluviales y telecomunicaciones.<\/span><\/p>\n<p><span>Desde la Concejal\u00eda se subraya que esta actuaci\u00f3n supone pasar a la acci\u00f3n, abordando de forma directa la recuperaci\u00f3n de un \u00e1mbito hist\u00f3ricamente abandonado y con importantes carencias en sus espacios p\u00fablicos.<\/span><\/p>\n<p><span>Por su parte, el alcalde de P\u00e1jara, Alejandro Jorge, destac\u00f3 que en la reuni\u00f3n que mantuvo el Ayuntamiento con los vecinos y vecinas \u201cnos comprometimos a sacar a licitaci\u00f3n de este proyecto antes de la finalizaci\u00f3n del a\u00f1o, un compromiso que hoy se cumple\u201d Asimismo, se\u00f1al\u00f3 que \u201cse trata de una buena noticia que permitir\u00e1 dar respuesta a la situaci\u00f3n de Esquinzo y avanzar en la mejora del n\u00facleo urbano\u201d.<\/span><\/p>\n<\/div>\n","protected":false},"excerpt":{"rendered":"<p><i>Esta actuaci\u00f3n supone garantizar accesibilidad, seguridad e infraestructuras modernas, mejorando la calidad de vida de los residentes<\/i><\/p>\n","protected":false},"author":1,"featured_media":15816,"comment_status":"open","ping_status":"open","sticky":false,"template":"","format":"standard","meta":{"inline_featured_image":false,"jnews-multi-image_gallery":[],"jnews_single_post":[],"jnews_primary_category":[],"jnews_social_meta":[],"jnews_override_counter":[],"jnews_post_split":[],"footnotes":""},"categories":[63],"tags":[181],"class_list":["post-15814","post","type-post","status-publish","format-standard","has-post-thumbnail","hentry","category-pajara","tag-infraestructuras"],"jetpack_featured_media_url":"https:\/\/informacionlocal.es\/wp-content\/uploads\/2025\/12\/esquinzo.jpeg","_links":{"self":[{"href":"https:\/\/informacionlocal.es\/en\/wp-json\/wp\/v2\/posts\/15814","targetHints":{"allow":["GET"]}}],"collection":[{"href":"https:\/\/informacionlocal.es\/en\/wp-json\/wp\/v2\/posts"}],"about":[{"href":"https:\/\/informacionlocal.es\/en\/wp-json\/wp\/v2\/types\/post"}],"author":[{"embeddable":true,"href":"https:\/\/informacionlocal.es\/en\/wp-json\/wp\/v2\/users\/1"}],"replies":[{"embeddable":true,"href":"https:\/\/informacionlocal.es\/en\/wp-json\/wp\/v2\/comments?post=15814"}],"version-history":[{"count":0,"href":"https:\/\/informacionlocal.es\/en\/wp-json\/wp\/v2\/posts\/15814\/revisions"}],"wp:featuredmedia":[{"embeddable":true,"href":"https:\/\/informacionlocal.es\/en\/wp-json\/wp\/v2\/media\/15816"}],"wp:attachment":[{"href":"https:\/\/informacionlocal.es\/en\/wp-json\/wp\/v2\/media?parent=15814"}],"wp:term":[{"taxonomy":"category","embeddable":true,"href":"https:\/\/informacionlocal.es\/en\/wp-json\/wp\/v2\/categories?post=15814"},{"taxonomy":"post_tag","embeddable":true,"href":"https:\/\/informacionlocal.es\/en\/wp-json\/wp\/v2\/tags?post=15814"}],"curies":[{"name":"wp","href":"https:\/\/api.w.org\/{rel}","templated":true}]}}