{"id":15808,"date":"2025-12-30T09:01:14","date_gmt":"2025-12-30T09:01:14","guid":{"rendered":"https:\/\/informacionlocal.es\/las-salinas-de-antigua-celebra-una-fiesta-pre-reyes-el-3-de-enero\/"},"modified":"2025-12-30T09:01:14","modified_gmt":"2025-12-30T09:01:14","slug":"las-salinas-de-antigua-celebra-una-fiesta-pre-reyes-el-3-de-enero","status":"publish","type":"post","link":"https:\/\/informacionlocal.es\/en\/las-salinas-de-antigua-celebra-una-fiesta-pre-reyes-el-3-de-enero\/","title":{"rendered":"Las Salinas de Antigua celebra una Fiesta Pre-Reyes el 3 de enero"},"content":{"rendered":"<div class=\"elementor-widget-container\">\n<p><strong>Las Salinas de Antigua celebra una Fiesta Pre-Reyes el 3 de enero<\/strong><\/p>\n<p><strong>\u2022 La Fiesta incluye un Mercadillo Navide\u00f1o Solidario y la visita previa de los Reyes de Las Salinas para conocer las peticiones de los m\u00e1s peque\u00f1os y peque\u00f1as del pueblo costero.<\/strong><br \/><strong>\u2022 El evento contar\u00e1 con animaci\u00f3n infantil, m\u00fasica en directo con La Banda del Cuco y el concierto de Atl\u00e1ntica Son.<\/strong><\/p>\n<p>Las Salinas del Carmen celebra un Mercadillo Navide\u00f1o solidario con estudiantes que preparan su viaje de fin de curso, organizando la asociaci\u00f3n de vecinos una fiesta Pre-Reyes el s\u00e1bado 3 de enero desde las 12:00 a las 20:00 horas, con la colaboraci\u00f3n del Ayuntamiento de Antigua desde la concejal\u00eda de Festejos.<\/p>\n<p>Una iniciativa de los vecinos y las vecinas de Salinas del Carmen que felicitamos por la uni\u00f3n que demuestra y el respaldo activo que supone en este caso a los estudiantes y familias que organizan su viaje de fin de curso, afirma el alcalde, Mat\u00edas Pe\u00f1a Garc\u00eda.<\/p>\n<p>La Fiesta Pre-Reyes Las Salinas arranca con la apertura del Mercadillo Navide\u00f1o Solidario, detalla el concejal de Festejos, Pedro M. Armas, que se complementar\u00e1 de 12:00 a 16:00 horas con animaci\u00f3n infantil para recibir a su t\u00e9rmino a Reyes las Salinas y seguidamente las actuaciones a las 18:00 horas de La Banda del Cuco y Atl\u00e1ntica Son a las 20:00 horas.<\/p>\n<p>Tras esta visita puntual, el 5 de enero por la tarde, tendr\u00e1 lugar las Grandes Cabalgatas de Sus Majestades de Oriente organizadas por la concejal\u00eda de Cultura en Caleta de Fuste y Antigua, recorriendo sobre sus camellos las principales calles y recibiendo como es tradici\u00f3n la Llave Maestra de todas las viviendas del Municipio.<\/p>\n<\/div>\n","protected":false},"excerpt":{"rendered":"<p><strong>Las Salinas de Antigua celebra una Fiesta Pre-Reyes el 3 de enero<\/strong><\/p>\n","protected":false},"author":1,"featured_media":15810,"comment_status":"open","ping_status":"open","sticky":false,"template":"","format":"standard","meta":{"inline_featured_image":false,"jnews-multi-image_gallery":[],"jnews_single_post":[],"jnews_primary_category":[],"jnews_social_meta":[],"jnews_override_counter":[],"jnews_post_split":[],"footnotes":""},"categories":[59],"tags":[],"class_list":["post-15808","post","type-post","status-publish","format-standard","has-post-thumbnail","hentry","category-antigua"],"jetpack_featured_media_url":"https:\/\/informacionlocal.es\/wp-content\/uploads\/2025\/12\/imagen-de-whatsapp-2025-12-11-a-las-22-00-59_bf0811dd.jpg","_links":{"self":[{"href":"https:\/\/informacionlocal.es\/en\/wp-json\/wp\/v2\/posts\/15808","targetHints":{"allow":["GET"]}}],"collection":[{"href":"https:\/\/informacionlocal.es\/en\/wp-json\/wp\/v2\/posts"}],"about":[{"href":"https:\/\/informacionlocal.es\/en\/wp-json\/wp\/v2\/types\/post"}],"author":[{"embeddable":true,"href":"https:\/\/informacionlocal.es\/en\/wp-json\/wp\/v2\/users\/1"}],"replies":[{"embeddable":true,"href":"https:\/\/informacionlocal.es\/en\/wp-json\/wp\/v2\/comments?post=15808"}],"version-history":[{"count":0,"href":"https:\/\/informacionlocal.es\/en\/wp-json\/wp\/v2\/posts\/15808\/revisions"}],"wp:featuredmedia":[{"embeddable":true,"href":"https:\/\/informacionlocal.es\/en\/wp-json\/wp\/v2\/media\/15810"}],"wp:attachment":[{"href":"https:\/\/informacionlocal.es\/en\/wp-json\/wp\/v2\/media?parent=15808"}],"wp:term":[{"taxonomy":"category","embeddable":true,"href":"https:\/\/informacionlocal.es\/en\/wp-json\/wp\/v2\/categories?post=15808"},{"taxonomy":"post_tag","embeddable":true,"href":"https:\/\/informacionlocal.es\/en\/wp-json\/wp\/v2\/tags?post=15808"}],"curies":[{"name":"wp","href":"https:\/\/api.w.org\/{rel}","templated":true}]}}