{"id":15784,"date":"2025-12-29T11:00:35","date_gmt":"2025-12-29T11:00:35","guid":{"rendered":"https:\/\/informacionlocal.es\/el-cabildo-renueva-el-convenio-para-seguir-contando-con-un-equipo-multidisciplinar-para-la-valoracion-de-la-discapacidad\/"},"modified":"2025-12-29T11:00:35","modified_gmt":"2025-12-29T11:00:35","slug":"el-cabildo-renueva-el-convenio-para-seguir-contando-con-un-equipo-multidisciplinar-para-la-valoracion-de-la-discapacidad","status":"publish","type":"post","link":"https:\/\/informacionlocal.es\/en\/el-cabildo-renueva-el-convenio-para-seguir-contando-con-un-equipo-multidisciplinar-para-la-valoracion-de-la-discapacidad\/","title":{"rendered":"El Cabildo renueva el convenio para seguir contando con un equipo multidisciplinar para la valoraci\u00f3n de la discapacidad"},"content":{"rendered":"<div class=\"entry-content\"><strong>29 diciembre, 2025<\/strong><\/p>\n<p>El Pleno del Cabildo ha acordado, por<br \/>\nunanimidad, renovar el convenio con el Gobierno de Canarias para la gesti\u00f3n del<br \/>\nreconocimiento del grado de discapacidad en Fuerteventura. Con este convenio,<br \/>\nla isla majorera seguir\u00e1 contando con un equipo multidisciplinar permanente<br \/>\npara la elaboraci\u00f3n de los informes psicol\u00f3gicos y sociales que sirvan de base<br \/>\npara el reconocimiento del grado de discapacidad.<\/p>\n<p>La presidenta insular, Lola Garc\u00eda, ha<br \/>\ndestacado la importancia de un acuerdo que permite agilizar los tr\u00e1mites de<br \/>\nvaloraci\u00f3n de las personas con discapacidad, aliviando las listas de espera de<br \/>\nun servicio prioritario para el bienestar de las personas. <\/p>\n<p>Seg\u00fan el consejero de Acci\u00f3n Social, V\u00edctor<br \/>\nAlonso, este convenio permite agilizar el servicio, mejorando los tiempos para<br \/>\nlas valoraciones m\u00e9dicas con un equipo multidisciplinar, entre Cabildo,<br \/>\nServicio Canario de Salud y Direcci\u00f3n General de Discapacidad, formado por un<br \/>\npsic\u00f3logo\/a, dos trabajadores sociales, un m\u00e9dico, una enfermera, un<br \/>\nadministrativo y un terapeuta ocupacional. Adem\u00e1s, la Corporaci\u00f3n insular pone<br \/>\na disposici\u00f3n las instalaciones.<\/p>\n<p>En noviembre de 2025, en Fuerteventura se<br \/>\nregistraban m\u00e1s de 3.800 personas con alg\u00fan grado de discapacidad. En el a\u00f1o<br \/>\n2024, \u201cgracias a este convenio se hicieron 516 valoraciones y en 2025<br \/>\nllegaremos a las 710, por lo que hemos ido resolviendo una problem\u00e1tica<br \/>\nimportante para la Isla\u201d, explic\u00f3 el consejero V\u00edctor Alonso.<\/p>\n<\/div>\n","protected":false},"excerpt":{"rendered":"<p>29 diciembre, 2025 El Pleno del Cabildo ha acordado, por unanimidad, renovar el convenio con el Gobierno de Canarias para la gesti\u00f3n del reconocimiento del grado de discapacidad en Fuerteventura. [&hellip;]<\/p>\n","protected":false},"author":1,"featured_media":15786,"comment_status":"open","ping_status":"open","sticky":false,"template":"","format":"standard","meta":{"inline_featured_image":false,"jnews-multi-image_gallery":[],"jnews_single_post":[],"jnews_primary_category":[],"jnews_social_meta":[],"jnews_override_counter":[],"jnews_post_split":[],"footnotes":""},"categories":[58],"tags":[82],"class_list":["post-15784","post","type-post","status-publish","format-standard","has-post-thumbnail","hentry","category-cabildo","tag-fuerteventura"],"jetpack_featured_media_url":"https:\/\/informacionlocal.es\/wp-content\/uploads\/2025\/12\/convenio-dependencia.jpeg","_links":{"self":[{"href":"https:\/\/informacionlocal.es\/en\/wp-json\/wp\/v2\/posts\/15784","targetHints":{"allow":["GET"]}}],"collection":[{"href":"https:\/\/informacionlocal.es\/en\/wp-json\/wp\/v2\/posts"}],"about":[{"href":"https:\/\/informacionlocal.es\/en\/wp-json\/wp\/v2\/types\/post"}],"author":[{"embeddable":true,"href":"https:\/\/informacionlocal.es\/en\/wp-json\/wp\/v2\/users\/1"}],"replies":[{"embeddable":true,"href":"https:\/\/informacionlocal.es\/en\/wp-json\/wp\/v2\/comments?post=15784"}],"version-history":[{"count":0,"href":"https:\/\/informacionlocal.es\/en\/wp-json\/wp\/v2\/posts\/15784\/revisions"}],"wp:featuredmedia":[{"embeddable":true,"href":"https:\/\/informacionlocal.es\/en\/wp-json\/wp\/v2\/media\/15786"}],"wp:attachment":[{"href":"https:\/\/informacionlocal.es\/en\/wp-json\/wp\/v2\/media?parent=15784"}],"wp:term":[{"taxonomy":"category","embeddable":true,"href":"https:\/\/informacionlocal.es\/en\/wp-json\/wp\/v2\/categories?post=15784"},{"taxonomy":"post_tag","embeddable":true,"href":"https:\/\/informacionlocal.es\/en\/wp-json\/wp\/v2\/tags?post=15784"}],"curies":[{"name":"wp","href":"https:\/\/api.w.org\/{rel}","templated":true}]}}