{"id":15778,"date":"2025-12-27T11:00:36","date_gmt":"2025-12-27T11:00:36","guid":{"rendered":"https:\/\/informacionlocal.es\/tras-las-doce-campanadas-anunciando-2026-gran-fiesta-de-ano-nuevo-en-antigua\/"},"modified":"2025-12-27T11:00:36","modified_gmt":"2025-12-27T11:00:36","slug":"tras-las-doce-campanadas-anunciando-2026-gran-fiesta-de-ano-nuevo-en-antigua","status":"publish","type":"post","link":"https:\/\/informacionlocal.es\/en\/tras-las-doce-campanadas-anunciando-2026-gran-fiesta-de-ano-nuevo-en-antigua\/","title":{"rendered":"Tras las doce campanadas anunciando 2026 Gran Fiesta de A\u00f1o Nuevo en Antigua"},"content":{"rendered":"<div class=\"elementor-widget-container\">\n<p><strong>Tras las doce campanadas anunciando 2026 Gran Fiesta de A\u00f1o Nuevo en Antigua<\/strong><\/p>\n<p><strong>\u2022 Desde las 00:30 Gran Fiesta Fin de a\u00f1o en la plaza de Antigua con las actuaciones musicales de Grupo Ladys del Swing, Jos\u00e9 Garc\u00eda DJ y Clandestina DJ.<\/strong><\/p>\n<p>El Ayuntamiento de Antigua desde la concejal\u00eda de Festejos invita a todos los vecinos y vecinas a recibir el A\u00f1o Nuevo por todo lo alto en la Plaza de Antigua desde las 00:30 horas, se\u00f1ala el alcalde, Mat\u00edas Pe\u00f1a Garc\u00eda, siempre con responsabilidad y recordando que el alcohol y el volante no son compatibles.<\/p>\n<p>La tradicional Fiesta de A\u00f1o Nuevo 2026 dar\u00e1 comienzo justo despu\u00e9s de las campanadas, ofreciendo en la plaza de Antigua un programa musical dise\u00f1ado para todas las edades, afirma el concejal de Festejos, Pedro M. Armas Mart\u00edn.<\/p>\n<p>La celebraci\u00f3n arrancar\u00e1 a las 00:30 horas del jueves, 1 de enero de 2026, y se extender\u00e1 durante las primeras horas del nuevo a\u00f1o. La velada promete ser memorable gracias a un cartel de actuaciones musicales y diversi\u00f3n aseguradas, a\u00f1ade Pedro Armas.<\/p>\n<p>La Fiesta de A\u00f1o Nuevo contar\u00e1 con el grupo Ladys del Swing, aportando ritmo y elegancia con su actuaci\u00f3n en directo, adem\u00e1s de las mezclas y fusiones de temas principales aportados por los Djs Jos\u00e9 Garc\u00eda y Clandestina.<\/p>\n<p>La concejal\u00eda de Festejos del Ayuntamiento de Antigua organiza este evento con el objetivo de ofrecer un espacio de celebraci\u00f3n seguro, festivo y accesible para todas las edades, garantizando un inicio de a\u00f1o lleno de alegr\u00eda y buena m\u00fasica en el municipio.<\/p>\n<p>\u00a0<\/p>\n<\/div>\n","protected":false},"excerpt":{"rendered":"<p><strong>Tras las doce campanadas anunciando 2026 Gran Fiesta de A\u00f1o Nuevo en Antigua<\/strong><\/p>\n","protected":false},"author":1,"featured_media":15780,"comment_status":"open","ping_status":"open","sticky":false,"template":"","format":"standard","meta":{"inline_featured_image":false,"jnews-multi-image_gallery":[],"jnews_single_post":[],"jnews_primary_category":[],"jnews_social_meta":[],"jnews_override_counter":[],"jnews_post_split":[],"footnotes":""},"categories":[59],"tags":[],"class_list":["post-15778","post","type-post","status-publish","format-standard","has-post-thumbnail","hentry","category-antigua"],"jetpack_featured_media_url":"https:\/\/informacionlocal.es\/wp-content\/uploads\/2025\/12\/fin-de-ano-en-antigua.jpeg","_links":{"self":[{"href":"https:\/\/informacionlocal.es\/en\/wp-json\/wp\/v2\/posts\/15778","targetHints":{"allow":["GET"]}}],"collection":[{"href":"https:\/\/informacionlocal.es\/en\/wp-json\/wp\/v2\/posts"}],"about":[{"href":"https:\/\/informacionlocal.es\/en\/wp-json\/wp\/v2\/types\/post"}],"author":[{"embeddable":true,"href":"https:\/\/informacionlocal.es\/en\/wp-json\/wp\/v2\/users\/1"}],"replies":[{"embeddable":true,"href":"https:\/\/informacionlocal.es\/en\/wp-json\/wp\/v2\/comments?post=15778"}],"version-history":[{"count":0,"href":"https:\/\/informacionlocal.es\/en\/wp-json\/wp\/v2\/posts\/15778\/revisions"}],"wp:featuredmedia":[{"embeddable":true,"href":"https:\/\/informacionlocal.es\/en\/wp-json\/wp\/v2\/media\/15780"}],"wp:attachment":[{"href":"https:\/\/informacionlocal.es\/en\/wp-json\/wp\/v2\/media?parent=15778"}],"wp:term":[{"taxonomy":"category","embeddable":true,"href":"https:\/\/informacionlocal.es\/en\/wp-json\/wp\/v2\/categories?post=15778"},{"taxonomy":"post_tag","embeddable":true,"href":"https:\/\/informacionlocal.es\/en\/wp-json\/wp\/v2\/tags?post=15778"}],"curies":[{"name":"wp","href":"https:\/\/api.w.org\/{rel}","templated":true}]}}