{"id":15772,"date":"2025-12-26T16:58:31","date_gmt":"2025-12-26T16:58:31","guid":{"rendered":"https:\/\/informacionlocal.es\/la-oliva-ultima-detalles-de-ejecucion-y-justificacion-de-la-subvencion-del-plan-general-de-ordenacion-concedida-por-el-gobierno-de-canarias\/"},"modified":"2025-12-26T16:58:31","modified_gmt":"2025-12-26T16:58:31","slug":"la-oliva-ultima-detalles-de-ejecucion-y-justificacion-de-la-subvencion-del-plan-general-de-ordenacion-concedida-por-el-gobierno-de-canarias","status":"publish","type":"post","link":"https:\/\/informacionlocal.es\/en\/la-oliva-ultima-detalles-de-ejecucion-y-justificacion-de-la-subvencion-del-plan-general-de-ordenacion-concedida-por-el-gobierno-de-canarias\/","title":{"rendered":"La Oliva ultima detalles de ejecuci\u00f3n y justificaci\u00f3n de la subvenci\u00f3n del Plan General de Ordenaci\u00f3n concedida por el Gobierno de Canarias"},"content":{"rendered":"<p>El Ayuntamiento de La Oliva, a trav\u00e9s de la Oficina de Fondos Europeos de la Concejal\u00eda de Econom\u00eda y Hacienda, que gestiona Juan Jos\u00e9 Rodr\u00edguez, ultima detalles de ejecuci\u00f3n y justificaci\u00f3n de la subvenci\u00f3n del Plan General del municipio. Unos fondos de un total de 102.980,63 euros concedidos por la Consejer\u00eda de Pol\u00edtica Territorial, Cohesi\u00f3n Territorial y Aguas del Gobierno de Canarias, ha permitido la ejecuci\u00f3n de las dos primeras fases del Plan General. <\/p>\n<p>A trav\u00e9s de la financiaci\u00f3n de estos primeros pasos, se ha podido realizar la fase 1 del estudio del expediente y elaboraci\u00f3n del documento de actualizaci\u00f3n de la informaci\u00f3n y diagn\u00f3stico, as\u00ed como la fase 2 sobre el avance en el estudio ambiental estrat\u00e9gico. <\/p>\n<p>El alcalde de La Oliva, Isa\u00ed Blanco, pone de relieve la importancia del Plan General: \u201cTras d\u00e9cadas de operar bajo las limitaciones de las Normas Subsidiarias de 1989, se han podido realizar los primeros pasos en la materia que suponen, sin duda, un avance hacia un modelo de municipio m\u00e1s ordenado y sostenible.\u201d <\/p>\n<p>Por su parte, el concejal de Econom\u00eda y Hacienda, Juan Jos\u00e9 Rodr\u00edguez, declara: \u201cDesde la Concejal\u00eda, y en concreto desde la Oficina de Fondos Europeos, estamos trabajando en la justificaci\u00f3n de la subvenci\u00f3n, en tiempo y forma, sobre la elaboraci\u00f3n de estas dos primeras fases.\u201d<\/p>\n<p>Adem\u00e1s, el concejal de Urbanismo, David Hern\u00e1ndez, se\u00f1ala: \u201cLa subvenci\u00f3n nos ha permitido desarrollar buena parte del Plan General de Ordenaci\u00f3n que necesita nuestro municipio, uno que reducir\u00e1, de forma considerable, el suelo urbanizable con respecto al planteamiento actual.\u201d<\/p>\n<p>Un planteamiento que busca adaptarse a la nueva realidad del municipio, bajo una premisa de cuidado del entorno y desarrollo sostenible.<\/p>\n","protected":false},"excerpt":{"rendered":"<p><span>La subvenci\u00f3n de un total de 102.980,63 \u20ac concedido al Consistorio por la Consejer\u00eda de Pol\u00edtica Territorial, Cohesi\u00f3n Territorial y Aguas, supone los primeros avances en el desarrollo urban\u00edstico ordenado y sostenible del municipio<\/span><\/p>\n","protected":false},"author":1,"featured_media":15774,"comment_status":"open","ping_status":"open","sticky":false,"template":"","format":"standard","meta":{"inline_featured_image":false,"jnews-multi-image_gallery":[],"jnews_single_post":[],"jnews_primary_category":[],"jnews_social_meta":[],"jnews_override_counter":[],"jnews_post_split":[],"footnotes":""},"categories":[62],"tags":[],"class_list":["post-15772","post","type-post","status-publish","format-standard","has-post-thumbnail","hentry","category-la-oliva"],"jetpack_featured_media_url":"https:\/\/informacionlocal.es\/wp-content\/uploads\/2025\/12\/5286_b5e60abb.png","_links":{"self":[{"href":"https:\/\/informacionlocal.es\/en\/wp-json\/wp\/v2\/posts\/15772","targetHints":{"allow":["GET"]}}],"collection":[{"href":"https:\/\/informacionlocal.es\/en\/wp-json\/wp\/v2\/posts"}],"about":[{"href":"https:\/\/informacionlocal.es\/en\/wp-json\/wp\/v2\/types\/post"}],"author":[{"embeddable":true,"href":"https:\/\/informacionlocal.es\/en\/wp-json\/wp\/v2\/users\/1"}],"replies":[{"embeddable":true,"href":"https:\/\/informacionlocal.es\/en\/wp-json\/wp\/v2\/comments?post=15772"}],"version-history":[{"count":0,"href":"https:\/\/informacionlocal.es\/en\/wp-json\/wp\/v2\/posts\/15772\/revisions"}],"wp:featuredmedia":[{"embeddable":true,"href":"https:\/\/informacionlocal.es\/en\/wp-json\/wp\/v2\/media\/15774"}],"wp:attachment":[{"href":"https:\/\/informacionlocal.es\/en\/wp-json\/wp\/v2\/media?parent=15772"}],"wp:term":[{"taxonomy":"category","embeddable":true,"href":"https:\/\/informacionlocal.es\/en\/wp-json\/wp\/v2\/categories?post=15772"},{"taxonomy":"post_tag","embeddable":true,"href":"https:\/\/informacionlocal.es\/en\/wp-json\/wp\/v2\/tags?post=15772"}],"curies":[{"name":"wp","href":"https:\/\/api.w.org\/{rel}","templated":true}]}}