{"id":15766,"date":"2025-12-26T14:59:53","date_gmt":"2025-12-26T14:59:53","guid":{"rendered":"https:\/\/informacionlocal.es\/antigua-celebra-su-tradicional-cotillon-al-sol-2025\/"},"modified":"2025-12-26T14:59:53","modified_gmt":"2025-12-26T14:59:53","slug":"antigua-celebra-su-tradicional-cotillon-al-sol-2025","status":"publish","type":"post","link":"https:\/\/informacionlocal.es\/en\/antigua-celebra-su-tradicional-cotillon-al-sol-2025\/","title":{"rendered":"Antigua celebra su tradicional Cotill\u00f3n al Sol 2025"},"content":{"rendered":"<div class=\"elementor-widget-container\">\n<p><strong>Antigua celebra su tradicional Cotill\u00f3n al Sol 2025<\/strong><br \/><strong>Campanadas, gominolas de la suerte y m\u00fasica en vivo en la plaza de Antigua<\/strong><\/p>\n<p><strong>\u2022 La Plaza de Antigua vuelve a convertirse el 31 de diciembre, de 13:00 a 20:00 horas, en lugar de encuentro festivo en el que disfrutar de conciertos, animaci\u00f3n infantil y las Campanadas al Sol. <\/strong><br \/><strong>\u2022 Cotill\u00f3n al Sol ofrece las actuaciones de Mejor con Copas, Gente Nueva y Clandestina DJ. <\/strong><br \/><strong>\u2022 Las divertidas Campanadas al Sol sonar\u00e1n a las 17:00 horas el 31 de diciembre en la plaza de Antigua.<\/strong><\/p>\n<p>El Ayuntamiento de Antigua organiza como cada a\u00f1o, el tradicional Cotill\u00f3n al Sol 2025, en esta ocasi\u00f3n desde la concejal\u00eda de Comercio que dirige Giuseppe Signorino, ofreciendo una cita para todos los p\u00fablicos, tanto para grupos de amigos como para j\u00f3venes y mayores que quieran disfrutar de juegos en la plaza, actuaciones musicales destacadas y por supuesto, afirma el alcalde, Mat\u00edas Pe\u00f1a Garc\u00eda, las campanadas al sol con divertido cotill\u00f3n a las 17:00 horas en la plaza de Antigua el \u00faltimo d\u00eda del a\u00f1o, el pr\u00f3ximo mi\u00e9rcoles 31 de diciembre.<\/p>\n<p>Cotill\u00f3n al Sol ofrece una amplia programaci\u00f3n desde las 13:00 y hasta as 20:00 horas, afirma el concejal Signorino, con las actuaciones de Mejor con Copas, Gente Nueva y el conocido DJ Clandestina, marcando el ritmo en una plaza en la que no faltar\u00e1 una gigante pantalla LED en la que proyectar a las 17:00 horas, las Campadas al Sol, que acompa\u00f1aremos con cotill\u00f3n y gominolas de la suerte.<\/p>\n<p>Talleres de pintacaras, animaci\u00f3n Infantil, cotillones, divertida plataforma 360 para grabar el momento, concluye el alcalde, un Cotill\u00f3n al Sol para disfrutar antes de dirigirnos a disfrutar en familia, en buena compa\u00f1\u00eda, en casa o restaurantes, y siempre con responsabilidad, el fin de a\u00f1o 2025, dando la bienvenida al 2026.<\/p>\n<\/div>\n","protected":false},"excerpt":{"rendered":"<p><strong>Antigua celebra su tradicional Cotill\u00f3n al Sol 2025<\/strong><\/p>\n","protected":false},"author":1,"featured_media":15768,"comment_status":"open","ping_status":"open","sticky":false,"template":"","format":"standard","meta":{"inline_featured_image":false,"jnews-multi-image_gallery":[],"jnews_single_post":[],"jnews_primary_category":[],"jnews_social_meta":[],"jnews_override_counter":[],"jnews_post_split":[],"footnotes":""},"categories":[59],"tags":[],"class_list":["post-15766","post","type-post","status-publish","format-standard","has-post-thumbnail","hentry","category-antigua"],"jetpack_featured_media_url":"https:\/\/informacionlocal.es\/wp-content\/uploads\/2025\/12\/img-20251225-wa0017.jpg","_links":{"self":[{"href":"https:\/\/informacionlocal.es\/en\/wp-json\/wp\/v2\/posts\/15766","targetHints":{"allow":["GET"]}}],"collection":[{"href":"https:\/\/informacionlocal.es\/en\/wp-json\/wp\/v2\/posts"}],"about":[{"href":"https:\/\/informacionlocal.es\/en\/wp-json\/wp\/v2\/types\/post"}],"author":[{"embeddable":true,"href":"https:\/\/informacionlocal.es\/en\/wp-json\/wp\/v2\/users\/1"}],"replies":[{"embeddable":true,"href":"https:\/\/informacionlocal.es\/en\/wp-json\/wp\/v2\/comments?post=15766"}],"version-history":[{"count":0,"href":"https:\/\/informacionlocal.es\/en\/wp-json\/wp\/v2\/posts\/15766\/revisions"}],"wp:featuredmedia":[{"embeddable":true,"href":"https:\/\/informacionlocal.es\/en\/wp-json\/wp\/v2\/media\/15768"}],"wp:attachment":[{"href":"https:\/\/informacionlocal.es\/en\/wp-json\/wp\/v2\/media?parent=15766"}],"wp:term":[{"taxonomy":"category","embeddable":true,"href":"https:\/\/informacionlocal.es\/en\/wp-json\/wp\/v2\/categories?post=15766"},{"taxonomy":"post_tag","embeddable":true,"href":"https:\/\/informacionlocal.es\/en\/wp-json\/wp\/v2\/tags?post=15766"}],"curies":[{"name":"wp","href":"https:\/\/api.w.org\/{rel}","templated":true}]}}