{"id":15742,"date":"2025-12-23T22:58:52","date_gmt":"2025-12-23T22:58:52","guid":{"rendered":"https:\/\/informacionlocal.es\/la-plaza-de-los-suenos-ofrece-una-magica-navidad-en-caleta-de-fuste\/"},"modified":"2025-12-23T22:58:52","modified_gmt":"2025-12-23T22:58:52","slug":"la-plaza-de-los-suenos-ofrece-una-magica-navidad-en-caleta-de-fuste","status":"publish","type":"post","link":"https:\/\/informacionlocal.es\/en\/la-plaza-de-los-suenos-ofrece-una-magica-navidad-en-caleta-de-fuste\/","title":{"rendered":"La Plaza de los Sue\u00f1os ofrece una m\u00e1gica Navidad en Caleta de Fuste"},"content":{"rendered":"<div class=\"elementor-widget-container\">\n<p><strong>La Plaza de los Sue\u00f1os ofrece una m\u00e1gica Navidad en Caleta de Fuste<\/strong><\/p>\n<p><strong>\u2022 Este martes 23 de diciembre, Papa Noel visita la Plaza de los Sue\u00f1os, acompa\u00f1ado del travieso Grinch y de una magn\u00edfica fiesta infantil de hinchables, talleres y m\u00fasica en directo.<\/strong><\/p>\n<p><strong>\u2022 El 26 y 27 de diciembre, la plaza del Castillo vuelve a transformarse en la Plaza de los Sue\u00f1os con la visita de famosos personajes de fantas\u00eda, la actuaci\u00f3n de Dandys del Swing y numerosas sorpresas m\u00e1s.<\/strong><\/p>\n<p>La Plaza de los Sue\u00f1os convierte la plaza del Castillo en el epicentro de la magia navide\u00f1a en esta localidad, afirma el alcalde, Mat\u00edas Pe\u00f1a, disfrutando de una fiesta magn\u00edfica para las familias asistentes, que contin\u00faa este martes con la visita de Pap\u00e1 Noel y el Grinch, adem\u00e1s de m\u00fasica, talleres, hinchables y famosos personajes.<\/p>\n<p>La Plaza de los Sue\u00f1os es un escenario navide\u00f1o pensado para el disfrute de las familias con una programaci\u00f3n cargada de ilusi\u00f3n, juegos y sorpresas, se\u00f1ala la concejala de Turismo, Kristina Rodewig, impulsora del evento.<\/p>\n<p>La ilusi\u00f3n contin\u00faa tras la Navidad, detalla Rodewig, los d\u00edas 26 y 27 de diciembre, la plaza volver\u00e1 a llenarse de vida con la visita de famosos personajes de fantas\u00eda que har\u00e1n las delicias de los ni\u00f1os y ni\u00f1as.<\/p>\n<p>El broche de oro musical lo pondr\u00e1n los Dandys del Swing, cuya elegante actuaci\u00f3n musical, marcar\u00e1 el ritmo a numerosas sorpresas organizadas por el Ayuntamiento de Antigua desde la concejal\u00eda de Turismo, apostando por una Navidad para disfrute de todos y todas, as\u00ed como seguir organizando iniciativas, citas y eventos atractivos, que inviten a salir a la calle y disfrutar de la localidad.<\/p>\n<p>\u00a0<\/p>\n<\/div>\n","protected":false},"excerpt":{"rendered":"<p><strong>La Plaza de los Sue\u00f1os ofrece una m\u00e1gica Navidad en Caleta de Fuste<\/strong><\/p>\n","protected":false},"author":1,"featured_media":15744,"comment_status":"open","ping_status":"open","sticky":false,"template":"","format":"standard","meta":{"inline_featured_image":false,"jnews-multi-image_gallery":[],"jnews_single_post":[],"jnews_primary_category":[],"jnews_social_meta":[],"jnews_override_counter":[],"jnews_post_split":[],"footnotes":""},"categories":[59],"tags":[69],"class_list":["post-15742","post","type-post","status-publish","format-standard","has-post-thumbnail","hentry","category-antigua","tag-eventos"],"jetpack_featured_media_url":"https:\/\/informacionlocal.es\/wp-content\/uploads\/2025\/12\/0-la-plaza-de-los-suenos-en-caleta-de-fuste-3-scaled-1.jpg","_links":{"self":[{"href":"https:\/\/informacionlocal.es\/en\/wp-json\/wp\/v2\/posts\/15742","targetHints":{"allow":["GET"]}}],"collection":[{"href":"https:\/\/informacionlocal.es\/en\/wp-json\/wp\/v2\/posts"}],"about":[{"href":"https:\/\/informacionlocal.es\/en\/wp-json\/wp\/v2\/types\/post"}],"author":[{"embeddable":true,"href":"https:\/\/informacionlocal.es\/en\/wp-json\/wp\/v2\/users\/1"}],"replies":[{"embeddable":true,"href":"https:\/\/informacionlocal.es\/en\/wp-json\/wp\/v2\/comments?post=15742"}],"version-history":[{"count":0,"href":"https:\/\/informacionlocal.es\/en\/wp-json\/wp\/v2\/posts\/15742\/revisions"}],"wp:featuredmedia":[{"embeddable":true,"href":"https:\/\/informacionlocal.es\/en\/wp-json\/wp\/v2\/media\/15744"}],"wp:attachment":[{"href":"https:\/\/informacionlocal.es\/en\/wp-json\/wp\/v2\/media?parent=15742"}],"wp:term":[{"taxonomy":"category","embeddable":true,"href":"https:\/\/informacionlocal.es\/en\/wp-json\/wp\/v2\/categories?post=15742"},{"taxonomy":"post_tag","embeddable":true,"href":"https:\/\/informacionlocal.es\/en\/wp-json\/wp\/v2\/tags?post=15742"}],"curies":[{"name":"wp","href":"https:\/\/api.w.org\/{rel}","templated":true}]}}