{"id":15724,"date":"2025-12-23T19:59:36","date_gmt":"2025-12-23T19:59:36","guid":{"rendered":"https:\/\/informacionlocal.es\/los-vecinos-y-vecinas-de-pajara-brillan-en-el-belen-viviente\/"},"modified":"2025-12-23T19:59:36","modified_gmt":"2025-12-23T19:59:36","slug":"los-vecinos-y-vecinas-de-pajara-brillan-en-el-belen-viviente","status":"publish","type":"post","link":"https:\/\/informacionlocal.es\/en\/los-vecinos-y-vecinas-de-pajara-brillan-en-el-belen-viviente\/","title":{"rendered":"Los vecinos y vecinas de P\u00e1jara brillan en el bel\u00e9n viviente\u00a0"},"content":{"rendered":"<div class=\"entry-content\">\n<p><b><i>M\u00e1s de 80 personas recrean la tradicional estampa en los alrededores de la iglesia\u00a0<\/i><\/b><\/p>\n<p><span>Los vecinos y vecinas de P\u00e1jara se convirtieron ayer en los protagonistas de la Navidad con la celebraci\u00f3n del tradicional Bel\u00e9n Viviente, que reuni\u00f3 a m\u00e1s de 80 participantes en los alrededores de la iglesia para recrear, con todo lujo de detalles, la emblem\u00e1tica estampa navide\u00f1a.\u00a0<\/span><\/p>\n<p><span>Cientos de personas se acercaron hasta la localidad para disfrutar de la velada, en la que no faltaron la elaboraci\u00f3n de pan tradicional y diversas degustaciones t\u00edpicas, logrando que todos los asistentes vivieran una experiencia aut\u00e9ntica y cercana.\u00a0<\/span><\/p>\n<p><span>El concejal de Cultura, Jos\u00e9 Manuel D\u00edaz, felicit\u00f3 a todos los vecinos y vecinas que participaron, porque \u201csu esfuerzo y dedicaci\u00f3n hicieron que esta estampa del Bel\u00e9n Viviente fuera realmente especial. Y no podemos dejar de agradecer a la Parranda La Sebada, cuya m\u00fasica llen\u00f3 la noche de tradici\u00f3n, creando un ambiente m\u00e1gico que todos pudimos disfrutar\u201d.\u00a0<\/span><\/p>\n<p><span>Por su parte, el alcalde de P\u00e1jara, Alejandro Jorge, subray\u00f3 que \u201ces un orgullo ver c\u00f3mo los vecinos y vecinas de todas las edades se unen para mantener viva nuestra tradici\u00f3n navide\u00f1a. Esta iniciativa no solo fortalece nuestro sentido de comunidad, sino que tambi\u00e9n ofrece una oportunidad \u00fanica para que visitantes y residentes disfruten de nuestra programaci\u00f3n cultural\u201d.\u00a0<\/span><\/p>\n<p><span>El Bel\u00e9n Viviente de P\u00e1jara se consolida as\u00ed como una de las citas culturales m\u00e1s esperadas de la Navidad, combinando tradici\u00f3n, creatividad y participaci\u00f3n ciudadana y ofreciendo a los asistentes una experiencia que refleja la identidad cultural del municipio.\u00a0<\/span><\/p>\n<\/div>\n","protected":false},"excerpt":{"rendered":"<p><i>M\u00e1s de 80 personas recrean la tradicional estampa en los alrededores de la iglesia\u00a0<\/i><\/p>\n","protected":false},"author":1,"featured_media":15726,"comment_status":"open","ping_status":"open","sticky":false,"template":"","format":"standard","meta":{"inline_featured_image":false,"jnews-multi-image_gallery":[],"jnews_single_post":[],"jnews_primary_category":[],"jnews_social_meta":[],"jnews_override_counter":[],"jnews_post_split":[],"footnotes":""},"categories":[63],"tags":[],"class_list":["post-15724","post","type-post","status-publish","format-standard","has-post-thumbnail","hentry","category-pajara"],"jetpack_featured_media_url":"https:\/\/informacionlocal.es\/wp-content\/uploads\/2025\/12\/whatsapp-image-2025-12-23-at-14-08-43-2-e1766503015553.jpeg","_links":{"self":[{"href":"https:\/\/informacionlocal.es\/en\/wp-json\/wp\/v2\/posts\/15724","targetHints":{"allow":["GET"]}}],"collection":[{"href":"https:\/\/informacionlocal.es\/en\/wp-json\/wp\/v2\/posts"}],"about":[{"href":"https:\/\/informacionlocal.es\/en\/wp-json\/wp\/v2\/types\/post"}],"author":[{"embeddable":true,"href":"https:\/\/informacionlocal.es\/en\/wp-json\/wp\/v2\/users\/1"}],"replies":[{"embeddable":true,"href":"https:\/\/informacionlocal.es\/en\/wp-json\/wp\/v2\/comments?post=15724"}],"version-history":[{"count":0,"href":"https:\/\/informacionlocal.es\/en\/wp-json\/wp\/v2\/posts\/15724\/revisions"}],"wp:featuredmedia":[{"embeddable":true,"href":"https:\/\/informacionlocal.es\/en\/wp-json\/wp\/v2\/media\/15726"}],"wp:attachment":[{"href":"https:\/\/informacionlocal.es\/en\/wp-json\/wp\/v2\/media?parent=15724"}],"wp:term":[{"taxonomy":"category","embeddable":true,"href":"https:\/\/informacionlocal.es\/en\/wp-json\/wp\/v2\/categories?post=15724"},{"taxonomy":"post_tag","embeddable":true,"href":"https:\/\/informacionlocal.es\/en\/wp-json\/wp\/v2\/tags?post=15724"}],"curies":[{"name":"wp","href":"https:\/\/api.w.org\/{rel}","templated":true}]}}