{"id":15658,"date":"2025-12-22T10:58:28","date_gmt":"2025-12-22T10:58:28","guid":{"rendered":"https:\/\/informacionlocal.es\/lola-garcia-insiste-en-que-la-planificacion-energetica-del-estado-se-adapte-a-la-realidad-majorera-y-contemple-el-traslado-de-la-central-del-charco\/"},"modified":"2025-12-22T10:58:28","modified_gmt":"2025-12-22T10:58:28","slug":"lola-garcia-insiste-en-que-la-planificacion-energetica-del-estado-se-adapte-a-la-realidad-majorera-y-contemple-el-traslado-de-la-central-del-charco","status":"publish","type":"post","link":"https:\/\/informacionlocal.es\/en\/lola-garcia-insiste-en-que-la-planificacion-energetica-del-estado-se-adapte-a-la-realidad-majorera-y-contemple-el-traslado-de-la-central-del-charco\/","title":{"rendered":"Lola Garc\u00eda insiste en que la planificaci\u00f3n energ\u00e9tica del Estado se adapte a la realidad majorera y contemple el traslado de la Central del Charco"},"content":{"rendered":"<div class=\"entry-content\"><strong>22 diciembre, 2025<\/strong><\/p>\n<p><em><strong>El Cabildo de Fuerteventura presenta alegaciones a la planificaci\u00f3n estatal para la red de transporte el\u00e9ctrico 2025-2030, pidiendo que se contemple una subestaci\u00f3n en la zona de Zurita que posibilite el traslado de la central<\/strong><\/em><\/p>\n<p><em><strong>Asimismo, la Corporaci\u00f3n insular pide que se elimine de la planificaci\u00f3n las zonas para e\u00f3lica marina que afectan a la pesca tradicional <\/strong><\/em><\/p>\n<p>El Cabildo de Fuerteventura presenta<br \/>\nalegaciones a la planificaci\u00f3n de la red de transporte el\u00e9ctrico que desarrolla<br \/>\nel Estado para el periodo 2025-2030, para exigir que dicha propuesta se adapte<br \/>\na las singularidades y demanda real de Fuerteventura, contemple el traslado de<br \/>\nla Central T\u00e9rmica de El Charco y elimine sistemas de e\u00f3lica marina en zonas<br \/>\nsensibles, entre otras cuestiones.\u00a0 <\/p>\n<p>Seg\u00fan explica la presidenta de la Corporaci\u00f3n<br \/>\ninsular, Lola Garc\u00eda, esta planificaci\u00f3n cuenta con la participaci\u00f3n de las<br \/>\ncomunidades aut\u00f3nomas. Ya en su momento, \u201cla Direcci\u00f3n General de Energ\u00eda del<br \/>\nGobierno de Canarias fue consultada por esta instituci\u00f3n sobre el Documento<br \/>\nInicial Estrat\u00e9gico de la Planificaci\u00f3n, sin recibir respuesta alguna\u201d.<\/p>\n<p>Por ese motivo, apunta la presidenta, \u201cnos<br \/>\nvemos obligados a insistir y presentar de nuevo alegaciones para que esta<br \/>\nplanificaci\u00f3n del Estado contemple la ubicaci\u00f3n subestaci\u00f3n en la zona de<br \/>\nLlanos Pelados (Zurita) para que pueda ser reubicada la Central T\u00e9rmica de El<br \/>\nCharco, una demanda hist\u00f3rica de las instituciones y poblaci\u00f3n majorera\u201d.<\/p>\n<p>La Corporaci\u00f3n insular pide, asimismo, \u201cque se<br \/>\neliminen de la planificaci\u00f3n las localizaciones para ubicar e\u00f3lica marina que est\u00e1n<br \/>\ncontempladas en el POEM, una planificaci\u00f3n del Estado que no cuenta con el<br \/>\nconsenso del sector pesquero y que afecta a esta actividad y la biodiversidad<br \/>\nmarina\u201d, recalca la presidenta.<\/p>\n<p>Por su parte, la consejera de Ordenaci\u00f3n del<br \/>\nTerritorio, Nereida Calero, ha apuntado que \u201cesta es una muestra m\u00e1s de que las<br \/>\ninstituciones suprainsulares no respetan las demandas de las administraciones<br \/>\nlocales\u201d. \u201cLa planificaci\u00f3n energ\u00e9tica debe avanzar de manera ordenada en el<br \/>\nterritorio, La isla debe generar lo que necesite consumir y no sacrificar<br \/>\nnuestro territorio para abastecer a otras islas\u201d.<\/p>\n<p>En este sentido, el Cabildo solicita que, en<br \/>\nla red de transporte el\u00e9ctrico, no se considere en ning\u00fan caso el enlace Gran<br \/>\nCanaria-Fuerteventura, debi\u00e9ndose fomentar, en todo caso, el almacenamiento y<br \/>\nla demanda en los l\u00edmites de la propia isla de Fuerteventura, para garantizar<br \/>\nel suministro a nivel insular.<\/p>\n<p>Entre las medidas de integraci\u00f3n ambiental,<br \/>\ndeber\u00eda incorporarse la valoraci\u00f3n de soterrar las l\u00edneas de transporte en<br \/>\nzonas sensibles por afecci\u00f3n a la biodiversidad y al patrimonio natural, entre<br \/>\notras cuestiones de importancia para Fuerteventura.<\/p>\n<\/div>\n","protected":false},"excerpt":{"rendered":"<p>22 diciembre, 2025 El Cabildo de Fuerteventura presenta alegaciones a la planificaci\u00f3n estatal para la red de transporte el\u00e9ctrico 2025-2030, pidiendo que se contemple una subestaci\u00f3n en la zona de [&hellip;]<\/p>\n","protected":false},"author":1,"featured_media":15660,"comment_status":"open","ping_status":"open","sticky":false,"template":"","format":"standard","meta":{"inline_featured_image":false,"jnews-multi-image_gallery":[],"jnews_single_post":[],"jnews_primary_category":[],"jnews_social_meta":[],"jnews_override_counter":[],"jnews_post_split":[],"footnotes":""},"categories":[58],"tags":[82],"class_list":["post-15658","post","type-post","status-publish","format-standard","has-post-thumbnail","hentry","category-cabildo","tag-fuerteventura"],"jetpack_featured_media_url":"https:\/\/informacionlocal.es\/wp-content\/uploads\/2025\/12\/alegaciones.jpeg","_links":{"self":[{"href":"https:\/\/informacionlocal.es\/en\/wp-json\/wp\/v2\/posts\/15658","targetHints":{"allow":["GET"]}}],"collection":[{"href":"https:\/\/informacionlocal.es\/en\/wp-json\/wp\/v2\/posts"}],"about":[{"href":"https:\/\/informacionlocal.es\/en\/wp-json\/wp\/v2\/types\/post"}],"author":[{"embeddable":true,"href":"https:\/\/informacionlocal.es\/en\/wp-json\/wp\/v2\/users\/1"}],"replies":[{"embeddable":true,"href":"https:\/\/informacionlocal.es\/en\/wp-json\/wp\/v2\/comments?post=15658"}],"version-history":[{"count":0,"href":"https:\/\/informacionlocal.es\/en\/wp-json\/wp\/v2\/posts\/15658\/revisions"}],"wp:featuredmedia":[{"embeddable":true,"href":"https:\/\/informacionlocal.es\/en\/wp-json\/wp\/v2\/media\/15660"}],"wp:attachment":[{"href":"https:\/\/informacionlocal.es\/en\/wp-json\/wp\/v2\/media?parent=15658"}],"wp:term":[{"taxonomy":"category","embeddable":true,"href":"https:\/\/informacionlocal.es\/en\/wp-json\/wp\/v2\/categories?post=15658"},{"taxonomy":"post_tag","embeddable":true,"href":"https:\/\/informacionlocal.es\/en\/wp-json\/wp\/v2\/tags?post=15658"}],"curies":[{"name":"wp","href":"https:\/\/api.w.org\/{rel}","templated":true}]}}