{"id":15466,"date":"2025-12-17T04:03:01","date_gmt":"2025-12-17T04:03:01","guid":{"rendered":"https:\/\/informacionlocal.es\/puerto-del-rosario-acoge-la-presentacion-del-libro-pedro-zerolo-vida-y-legado-de-un-pionero-por-los-derechos-civiles\/"},"modified":"2025-12-17T04:03:01","modified_gmt":"2025-12-17T04:03:01","slug":"puerto-del-rosario-acoge-la-presentacion-del-libro-pedro-zerolo-vida-y-legado-de-un-pionero-por-los-derechos-civiles","status":"publish","type":"post","link":"https:\/\/informacionlocal.es\/en\/puerto-del-rosario-acoge-la-presentacion-del-libro-pedro-zerolo-vida-y-legado-de-un-pionero-por-los-derechos-civiles\/","title":{"rendered":"Puerto del Rosario acoge la presentaci\u00f3n del libro `Pedro Zerolo: Vida y legado de un pionero por los derechos civiles\u00b4"},"content":{"rendered":"<div class=\"entry-content\">\n<p>Formando parte de la programaci\u00f3n de \u201cSaturnalia Cultural\u201d de la Concejal\u00eda de Cultura del Ayuntamiento de Puerto del Rosario, en la tarde noche del\u00a0 martes, 16 de diciembre, ten\u00eda lugar la presentaci\u00f3n y firma de libros de \u201cPedro Zerolo: Vida y legado de un pionero por los derechos civiles\u201d, en la Casa de la Cultura escrito por su amigo y compa\u00f1ero de reivindicaciones, Miquel A. Fern\u00e1ndez Garc\u00eda.<\/p>\n<p>\u201cSaturnalia Cultural\u201d presenta este relato biogr\u00e1fico que es una memoria compartida en primera persona, escrito por Miquel A. Fern\u00e1ndez quien acompa\u00f1\u00f3 a Pedro Zerolo en su emocionante aventura hacia la igualdad durante m\u00e1s de veinte a\u00f1os, convirti\u00e9ndose en un testimonio inigualable de su lucha por la igualdad, su pensamiento progresista y su legado como defensor de los derechos humanos y civiles. Una lectura imprescindible en el 20\u00ba aniversario de la aprobaci\u00f3n del matrimonio igualitario.<\/p>\n<p>Sin el empuje y determinaci\u00f3n constantes de Pedro Zerolo y quienes le acompa\u00f1aron, Espa\u00f1a jam\u00e1s habr\u00eda alcanzado el estatus que hoy ostenta como pa\u00eds pionero en el respeto y avance de los derechos de un colectivo que tanto hab\u00eda sufrido la discriminaci\u00f3n. Ahora, a los veinte a\u00f1os de aquella conquista, y cuando se cumplen diez desde su muerte, Miquel A. Fern\u00e1ndez se ha embarcado en la tarea de honrar la figura Pedro Zerolo, lo que responde, parcialmente, al mandato del propio Zerolo: \u00abCuenta la historia de lo que hemos vivido, que la gente conozca nuestra lucha porque, si no, la acabar\u00e1n contando otros\u00bb, le dijo.<\/p>\n<p>As\u00ed, la cr\u00f3nica de los sucesos de esta lectura imprescindible, cuando se cumplen 20 a\u00f1os del matrimonio igualitario, corresponde no solo a una promesa, sino tambi\u00e9n a una deuda pendiente con el protagonista y los m\u00faltiples grupos que lleg\u00f3 a representar, tanto en las instituciones como en los movimientos asociativos de la sociedad civil.<\/p>\n<p>Para el <strong>alcalde, David de Vera,<\/strong> \u201cesta es una presentaci\u00f3n que pone en valor, no solo la trayectoria de Zerolo en la incansable lucha de la igualdad de derechos para todos\/as, sino de una sociedad que ha evolucionado en positivo y desde esta Corporaci\u00f3n seguimos promoviendo esa l\u00ednea\u201d.<\/p>\n<p>Para el <strong>concejal de Cultura, Juan Manuel Verdugo,<\/strong> \u201cZerolo fue testigo, y protagonista directo, del recorrido social, cultural y jur\u00eddico que supuso a\u00f1os de reivindicaciones, propuestas y luchas por conseguir algunos logros igualitarios de car\u00e1cter nacional e internacional de los que disfrutamos a d\u00eda de hoy\u201d.<\/p>\n<p>En palabras de la <strong>presidenta de ALTIHAY Fuerteventura Carla Soto Garc\u00eda<\/strong>: \u201chemos invitado a todo el mundo a asistir porque no solo es la presentaci\u00f3n de un libro, sino tambi\u00e9n un acto para desde Fuerteventura celebrar y honrar la memoria de Pedro Zerolo, figura esencial del activismo LGTBIQ+ y de la conquista de derechos en nuestro pa\u00eds, rindiendo homenaje a su inspirador legado. Un libro imprescindible para conocer la figura de Pedro Zerolo y sin duda, un estupendo regalo para estas Navidades\u201d.<\/p>\n<\/div>\n","protected":false},"excerpt":{"rendered":"<p>Formando parte de la programaci\u00f3n de \u201cSaturnalia Cultural\u201d de la Concejal\u00eda de Cultura del Ayuntamiento de Puerto del Rosario, en la tarde noche del\u00a0 martes, 16 de diciembre, ten\u00eda lugar [&hellip;]<\/p>\n","protected":false},"author":1,"featured_media":15468,"comment_status":"open","ping_status":"open","sticky":false,"template":"","format":"standard","meta":{"inline_featured_image":false,"jnews-multi-image_gallery":[],"jnews_single_post":[],"jnews_primary_category":[],"jnews_social_meta":[],"jnews_override_counter":[],"jnews_post_split":[],"footnotes":""},"categories":[61],"tags":[82],"class_list":["post-15466","post","type-post","status-publish","format-standard","has-post-thumbnail","hentry","category-puerto-del-rosario","tag-fuerteventura"],"jetpack_featured_media_url":"https:\/\/informacionlocal.es\/wp-content\/uploads\/2025\/12\/zerolo-t-1-libro-concejal-autor.jpeg","_links":{"self":[{"href":"https:\/\/informacionlocal.es\/en\/wp-json\/wp\/v2\/posts\/15466","targetHints":{"allow":["GET"]}}],"collection":[{"href":"https:\/\/informacionlocal.es\/en\/wp-json\/wp\/v2\/posts"}],"about":[{"href":"https:\/\/informacionlocal.es\/en\/wp-json\/wp\/v2\/types\/post"}],"author":[{"embeddable":true,"href":"https:\/\/informacionlocal.es\/en\/wp-json\/wp\/v2\/users\/1"}],"replies":[{"embeddable":true,"href":"https:\/\/informacionlocal.es\/en\/wp-json\/wp\/v2\/comments?post=15466"}],"version-history":[{"count":0,"href":"https:\/\/informacionlocal.es\/en\/wp-json\/wp\/v2\/posts\/15466\/revisions"}],"wp:featuredmedia":[{"embeddable":true,"href":"https:\/\/informacionlocal.es\/en\/wp-json\/wp\/v2\/media\/15468"}],"wp:attachment":[{"href":"https:\/\/informacionlocal.es\/en\/wp-json\/wp\/v2\/media?parent=15466"}],"wp:term":[{"taxonomy":"category","embeddable":true,"href":"https:\/\/informacionlocal.es\/en\/wp-json\/wp\/v2\/categories?post=15466"},{"taxonomy":"post_tag","embeddable":true,"href":"https:\/\/informacionlocal.es\/en\/wp-json\/wp\/v2\/tags?post=15466"}],"curies":[{"name":"wp","href":"https:\/\/api.w.org\/{rel}","templated":true}]}}