{"id":15454,"date":"2025-12-16T17:04:34","date_gmt":"2025-12-16T17:04:34","guid":{"rendered":"https:\/\/informacionlocal.es\/mas-de-140-estudiantes-participan-en-las-jornadas-financieras-del-cabildo\/"},"modified":"2025-12-16T17:04:34","modified_gmt":"2025-12-16T17:04:34","slug":"mas-de-140-estudiantes-participan-en-las-jornadas-financieras-del-cabildo","status":"publish","type":"post","link":"https:\/\/informacionlocal.es\/en\/mas-de-140-estudiantes-participan-en-las-jornadas-financieras-del-cabildo\/","title":{"rendered":"M\u00e1s de 140 estudiantes participan en las jornadas financieras del Cabildo"},"content":{"rendered":"<div class=\"entry-content\"><strong>16 diciembre, 2025<\/strong><\/p>\n<p><strong><em>Las jornadas de educaci\u00f3n financiera ofrecen herramientas<br \/>\npr\u00e1cticas para una gesti\u00f3n econ\u00f3mica responsable y consciente<\/em><\/strong><\/p>\n<p>El Cabildo de Fuerteventura celebr\u00f3 en la ma\u00f1ana de hoy unas<br \/>\njornadas de educaci\u00f3n financiera en el Centro Insular de Juventud, dirigidas a<br \/>\nestudiantes, personas emprendedoras y colectivos vulnerables, con el objetivo<br \/>\nde mejorar la cultura financiera y promover una gesti\u00f3n responsable de los<br \/>\nrecursos econ\u00f3micos.<\/p>\n<p>En las jornadas, desarrolladas en colaboraci\u00f3n con el Colegio<br \/>\nOficial de Economistas de Las Palmas y el Banco de Espa\u00f1a, particip\u00f3 alumnado y<br \/>\nprofesorado de distintos centros educativos de la isla. En concreto, asistieron<br \/>\n66 alumnos y 4 profesores del IES San Diego de Alcal\u00e1, as\u00ed como 80 alumnos y 5<br \/>\nprofesores del IES Puerto del Rosario, sumando un total de 146 estudiantes y 9<br \/>\ndocentes.<\/p>\n<p>Las sesiones estuvieron especialmente dirigidas a estudiantes que<br \/>\ncursan la materia de Econom\u00eda, abordando contenidos como la seguridad<br \/>\nfinanciera, el comportamiento del consumidor, pr\u00e9stamos y cr\u00e9ditos, inflaci\u00f3n,<br \/>\nahorros, fraudes y medios de pago.<\/p>\n<p>La presidenta insular, Lola Garc\u00eda, destac\u00f3 la importancia de este<br \/>\ntipo de iniciativas para la formaci\u00f3n integral de la juventud, se\u00f1alando que<br \/>\n\u201cla educaci\u00f3n financiera es una herramienta clave para la igualdad de<br \/>\noportunidades, ya que permite a las personas tomar decisiones informadas y<br \/>\nplanificar su futuro con mayor seguridad\u201d.<\/p>\n<p>Por su parte, la consejera de Promoci\u00f3n Econ\u00f3mica, Nuria Cabrera,<br \/>\nsubray\u00f3 que \u201cla educaci\u00f3n financiera es una base fundamental para el desarrollo<br \/>\npersonal y profesional, ya que ayuda a prevenir situaciones de vulnerabilidad<br \/>\necon\u00f3mica y fomenta una relaci\u00f3n m\u00e1s responsable y consciente con el dinero<br \/>\ndesde edades tempranas\u201d.<\/p>\n<p>El consejero de Educaci\u00f3n y Juventud, Adargoma Hern\u00e1ndez, se\u00f1al\u00f3<br \/>\nque \u201c de esta manera se permite acercar conocimientos financieros b\u00e1sicos a la<br \/>\njuventud y a otros colectivos que los necesitan, dot\u00e1ndolos de herramientas<br \/>\npr\u00e1cticas para afrontar su d\u00eda a d\u00eda con mayor seguridad y autonom\u00eda\u201d.<\/p>\n<p>A trav\u00e9s de estas sesiones, se sensibiliz\u00f3 a la ciudadan\u00eda sobre<br \/>\nla importancia de una correcta planificaci\u00f3n financiera, as\u00ed como reforzar<br \/>\nconocimientos esenciales para desenvolverse con mayor confianza en la gesti\u00f3n<br \/>\ndel ahorro, el gasto y la actividad emprendedora.<\/p>\n<\/div>\n","protected":false},"excerpt":{"rendered":"<p>16 diciembre, 2025 Las jornadas de educaci\u00f3n financiera ofrecen herramientas pr\u00e1cticas para una gesti\u00f3n econ\u00f3mica responsable y consciente El Cabildo de Fuerteventura celebr\u00f3 en la ma\u00f1ana de hoy unas jornadas [&hellip;]<\/p>\n","protected":false},"author":1,"featured_media":15456,"comment_status":"open","ping_status":"open","sticky":false,"template":"","format":"standard","meta":{"inline_featured_image":false,"jnews-multi-image_gallery":[],"jnews_single_post":[],"jnews_primary_category":[],"jnews_social_meta":[],"jnews_override_counter":[],"jnews_post_split":[],"footnotes":""},"categories":[58],"tags":[73,82],"class_list":["post-15454","post","type-post","status-publish","format-standard","has-post-thumbnail","hentry","category-cabildo","tag-educacion","tag-fuerteventura"],"jetpack_featured_media_url":"https:\/\/informacionlocal.es\/wp-content\/uploads\/2025\/12\/jornadas.jpeg","_links":{"self":[{"href":"https:\/\/informacionlocal.es\/en\/wp-json\/wp\/v2\/posts\/15454","targetHints":{"allow":["GET"]}}],"collection":[{"href":"https:\/\/informacionlocal.es\/en\/wp-json\/wp\/v2\/posts"}],"about":[{"href":"https:\/\/informacionlocal.es\/en\/wp-json\/wp\/v2\/types\/post"}],"author":[{"embeddable":true,"href":"https:\/\/informacionlocal.es\/en\/wp-json\/wp\/v2\/users\/1"}],"replies":[{"embeddable":true,"href":"https:\/\/informacionlocal.es\/en\/wp-json\/wp\/v2\/comments?post=15454"}],"version-history":[{"count":0,"href":"https:\/\/informacionlocal.es\/en\/wp-json\/wp\/v2\/posts\/15454\/revisions"}],"wp:featuredmedia":[{"embeddable":true,"href":"https:\/\/informacionlocal.es\/en\/wp-json\/wp\/v2\/media\/15456"}],"wp:attachment":[{"href":"https:\/\/informacionlocal.es\/en\/wp-json\/wp\/v2\/media?parent=15454"}],"wp:term":[{"taxonomy":"category","embeddable":true,"href":"https:\/\/informacionlocal.es\/en\/wp-json\/wp\/v2\/categories?post=15454"},{"taxonomy":"post_tag","embeddable":true,"href":"https:\/\/informacionlocal.es\/en\/wp-json\/wp\/v2\/tags?post=15454"}],"curies":[{"name":"wp","href":"https:\/\/api.w.org\/{rel}","templated":true}]}}